{"id":244961,"date":"2026-02-11T18:23:17","date_gmt":"2026-02-12T01:23:17","guid":{"rendered":"https:\/\/rnoticias.com.mx\/Portal\/?p=244961"},"modified":"2026-02-11T18:23:17","modified_gmt":"2026-02-12T01:23:17","slug":"fgjes-obtiene-vinculacion-a-proceso-contra-francisco-n-por-tentativa-de-homicidio-en-cajeme","status":"publish","type":"post","link":"https:\/\/rnoticias.com.mx\/Portal\/2026\/02\/11\/fgjes-obtiene-vinculacion-a-proceso-contra-francisco-n-por-tentativa-de-homicidio-en-cajeme\/","title":{"rendered":"FGJES obtiene vinculaci\u00f3n a proceso contra Francisco &#8220;N&#8221; por tentativa de homicidio en Cajeme"},"content":{"rendered":"<p>Cajeme, Sonora, 11 de febrero de 2026.- La Fiscal\u00eda General de Justicia del Estado de Sonora (FGJES) informa que este 10 de febrero de 2026 obtuvo la vinculaci\u00f3n a proceso contra Francisco &#8220;N&#8221;, por el delito de homicidio en grado de tentativa en Cajeme.<\/p>\n<p>De acuerdo con los datos de investigaci\u00f3n, los hechos ocurrieron el 9 de enero de 2026, entre las 13:50 y 14:00 horas, cuando el imputado se constituy\u00f3 en un domicilio ubicado en la colonia Libertad, donde despleg\u00f3 una conducta dolosa, realizando actos directos, id\u00f3neos y suficientes encaminados a privar de la vida a la v\u00edctima.<\/p>\n<p>La indagatoria establece que el imputado habr\u00eda sorprendido a la v\u00edctima, super\u00e1ndola al utilizar un arma de fuego, con la cual efectu\u00f3 diversos disparos en su contra, ocasion\u00e1ndole lesiones producidas por proyectil de arma de fuego.<\/p>\n<p>El resultado letal no se consum\u00f3 por causas ajenas a la voluntad del agresor, derivado de la reacci\u00f3n evasiva de la v\u00edctima, quien logr\u00f3 huir y resguardarse.<\/p>\n<p>Derivado del an\u00e1lisis de los datos de prueba expuestos, el Juez impuso al imputado la medida cautelar de prisi\u00f3n preventiva justificada.<\/p>\n<p>La Fiscal\u00eda General de Justicia del Estado de Sonora (FGJES) reafirma su compromiso con la investigaci\u00f3n y persecuci\u00f3n de los delitos que atentan contra la vida.<\/p>\n","protected":false},"excerpt":{"rendered":"<p>Cajeme, Sonora, 11 de febrero de 2026.- La Fiscal\u00eda General de Justicia del Estado de Sonora (FGJES) informa que este 10 de febrero de 2026 obtuvo la vinculaci\u00f3n a proceso contra Francisco &#8220;N&#8221;, por el delito de homicidio en grado de tentativa en Cajeme. De acuerdo con los datos de investigaci\u00f3n, los hechos ocurrieron el [&hellip;]<\/p>\n","protected":false},"author":2,"featured_media":244962,"comment_status":"closed","ping_status":"closed","sticky":false,"template":"","format":"standard","meta":{"footnotes":""},"categories":[12870,174],"tags":[12865,12873],"class_list":["post-244961","post","type-post","status-publish","format-standard","has-post-thumbnail","hentry","category-destacadas","category-estatal","tag-destacadas","tag-estatal"],"jetpack_featured_media_url":"https:\/\/rnoticias.com.mx\/Portal\/wp-content\/uploads\/2026\/02\/600.jpg","amp_enabled":true,"_links":{"self":[{"href":"https:\/\/rnoticias.com.mx\/Portal\/wp-json\/wp\/v2\/posts\/244961","targetHints":{"allow":["GET"]}}],"collection":[{"href":"https:\/\/rnoticias.com.mx\/Portal\/wp-json\/wp\/v2\/posts"}],"about":[{"href":"https:\/\/rnoticias.com.mx\/Portal\/wp-json\/wp\/v2\/types\/post"}],"author":[{"embeddable":true,"href":"https:\/\/rnoticias.com.mx\/Portal\/wp-json\/wp\/v2\/users\/2"}],"replies":[{"embeddable":true,"href":"https:\/\/rnoticias.com.mx\/Portal\/wp-json\/wp\/v2\/comments?post=244961"}],"version-history":[{"count":1,"href":"https:\/\/rnoticias.com.mx\/Portal\/wp-json\/wp\/v2\/posts\/244961\/revisions"}],"predecessor-version":[{"id":244963,"href":"https:\/\/rnoticias.com.mx\/Portal\/wp-json\/wp\/v2\/posts\/244961\/revisions\/244963"}],"wp:featuredmedia":[{"embeddable":true,"href":"https:\/\/rnoticias.com.mx\/Portal\/wp-json\/wp\/v2\/media\/244962"}],"wp:attachment":[{"href":"https:\/\/rnoticias.com.mx\/Portal\/wp-json\/wp\/v2\/media?parent=244961"}],"wp:term":[{"taxonomy":"category","embeddable":true,"href":"https:\/\/rnoticias.com.mx\/Portal\/wp-json\/wp\/v2\/categories?post=244961"},{"taxonomy":"post_tag","embeddable":true,"href":"https:\/\/rnoticias.com.mx\/Portal\/wp-json\/wp\/v2\/tags?post=244961"}],"curies":[{"name":"wp","href":"https:\/\/api.w.org\/{rel}","templated":true}]}}