{"id":244958,"date":"2026-02-11T18:22:26","date_gmt":"2026-02-12T01:22:26","guid":{"rendered":"https:\/\/rnoticias.com.mx\/Portal\/?p=244958"},"modified":"2026-02-11T18:22:26","modified_gmt":"2026-02-12T01:22:26","slug":"vinculan-a-proceso-a-cinco-imputados-por-robo-con-violencia-en-magdalena-de-kino","status":"publish","type":"post","link":"https:\/\/rnoticias.com.mx\/Portal\/2026\/02\/11\/vinculan-a-proceso-a-cinco-imputados-por-robo-con-violencia-en-magdalena-de-kino\/","title":{"rendered":"Vinculan a proceso a cinco imputados por robo con violencia en Magdalena de Kino"},"content":{"rendered":"<p>Magdalena de Kino, Sonora, 11 de febrero de 2026.- \u00d3scar \u201cN\u201d, Ram\u00f3n Isidro \u201cN\u201d, Brayan Tadeo \u201cN\u201d, Julio Alberto \u201cN\u201d y Francisco Rafael \u201cN\u201d, fueron vinculados a proceso por un Juez, por su probable responsabilidad en el delito de robo con violencia en las cosas, ejecutado de noche por dos o m\u00e1s personas, ante los datos de prueba presentados por la Fiscal\u00eda General de Justicia del Estado de Sonora (FGJES) en Magdalena de Kino, Sonora.<\/p>\n<p>El 7 de febrero de 2026, en la colonia Garc\u00eda Barrag\u00e1n, indican las investigaciones, sitio donde los imputados se apoderaron sin derecho de aproximadamente 200 metros de cable de cobre, revestido de pl\u00e1stico color negro, propiedad de la empresa Tel\u00e9fonos de M\u00e9xico (TELMEX).<\/p>\n<p>Para cometer el il\u00edcito, ejercieron violencia en las cosas, al da\u00f1ar un registro de la empresa, ocasionando afectaciones estructurales en un candado de cadena, utilizando pinzas met\u00e1licas, una cortadora y una barra met\u00e1lica tipo \u201cpata de chiva\u201d, sin el consentimiento de quien legalmente pod\u00eda disponer del bien.<\/p>\n<p>Posteriormente, los imputados abordaron un veh\u00edculo Ford F-150, color blanco, sin placas de circulaci\u00f3n, el cual arrastraba un remolque color amarillo, cubierto con lona blanca y azul, emprendiendo la huida; sin embargo, fueron detenidos metros adelante por los agentes aprehensores.<\/p>\n<p>Tras valorar los datos de prueba presentados por el Agente del Ministerio P\u00fablico, el Juez resolvi\u00f3 vincular a proceso a los cinco imputados y mantener la prisi\u00f3n preventiva justificada, a fin de garantizar el desarrollo del proceso penal.<\/p>\n<p>La Fiscal\u00eda General de Justicia del Estado de Sonora (FGJES) refrenda su compromiso con el combate a los delitos patrimoniales, la protecci\u00f3n de la infraestructura estrat\u00e9gica y la aplicaci\u00f3n firme de la ley, en beneficio de la seguridad y el orden social.<\/p>\n","protected":false},"excerpt":{"rendered":"<p>Magdalena de Kino, Sonora, 11 de febrero de 2026.- \u00d3scar \u201cN\u201d, Ram\u00f3n Isidro \u201cN\u201d, Brayan Tadeo \u201cN\u201d, Julio Alberto \u201cN\u201d y Francisco Rafael \u201cN\u201d, fueron vinculados a proceso por un Juez, por su probable responsabilidad en el delito de robo con violencia en las cosas, ejecutado de noche por dos o m\u00e1s personas, ante los [&hellip;]<\/p>\n","protected":false},"author":2,"featured_media":244959,"comment_status":"closed","ping_status":"closed","sticky":false,"template":"","format":"standard","meta":{"footnotes":""},"categories":[12870,174],"tags":[12865,12873],"class_list":["post-244958","post","type-post","status-publish","format-standard","has-post-thumbnail","hentry","category-destacadas","category-estatal","tag-destacadas","tag-estatal"],"jetpack_featured_media_url":"https:\/\/rnoticias.com.mx\/Portal\/wp-content\/uploads\/2026\/02\/090.jpg","amp_enabled":true,"_links":{"self":[{"href":"https:\/\/rnoticias.com.mx\/Portal\/wp-json\/wp\/v2\/posts\/244958","targetHints":{"allow":["GET"]}}],"collection":[{"href":"https:\/\/rnoticias.com.mx\/Portal\/wp-json\/wp\/v2\/posts"}],"about":[{"href":"https:\/\/rnoticias.com.mx\/Portal\/wp-json\/wp\/v2\/types\/post"}],"author":[{"embeddable":true,"href":"https:\/\/rnoticias.com.mx\/Portal\/wp-json\/wp\/v2\/users\/2"}],"replies":[{"embeddable":true,"href":"https:\/\/rnoticias.com.mx\/Portal\/wp-json\/wp\/v2\/comments?post=244958"}],"version-history":[{"count":1,"href":"https:\/\/rnoticias.com.mx\/Portal\/wp-json\/wp\/v2\/posts\/244958\/revisions"}],"predecessor-version":[{"id":244960,"href":"https:\/\/rnoticias.com.mx\/Portal\/wp-json\/wp\/v2\/posts\/244958\/revisions\/244960"}],"wp:featuredmedia":[{"embeddable":true,"href":"https:\/\/rnoticias.com.mx\/Portal\/wp-json\/wp\/v2\/media\/244959"}],"wp:attachment":[{"href":"https:\/\/rnoticias.com.mx\/Portal\/wp-json\/wp\/v2\/media?parent=244958"}],"wp:term":[{"taxonomy":"category","embeddable":true,"href":"https:\/\/rnoticias.com.mx\/Portal\/wp-json\/wp\/v2\/categories?post=244958"},{"taxonomy":"post_tag","embeddable":true,"href":"https:\/\/rnoticias.com.mx\/Portal\/wp-json\/wp\/v2\/tags?post=244958"}],"curies":[{"name":"wp","href":"https:\/\/api.w.org\/{rel}","templated":true}]}}