{"id":244926,"date":"2026-02-11T10:32:50","date_gmt":"2026-02-11T17:32:50","guid":{"rendered":"https:\/\/rnoticias.com.mx\/Portal\/?p=244926"},"modified":"2026-02-11T10:32:50","modified_gmt":"2026-02-11T17:32:50","slug":"estudiantes-ldg-muestran-su-talento-en-la-expo-academias","status":"publish","type":"post","link":"https:\/\/rnoticias.com.mx\/Portal\/2026\/02\/11\/estudiantes-ldg-muestran-su-talento-en-la-expo-academias\/","title":{"rendered":"Estudiantes LDG muestran su talento en la Expo Academias"},"content":{"rendered":"<p>El Instituto Tecnol\u00f3gico de Sonora (ITSON), a trav\u00e9s de la Licenciatura en Dise\u00f1o Gr\u00e1fico (LDG), llev\u00f3 a cabo la Expo Academias de Dise\u00f1o Gr\u00e1fico, en el Estudio de TV del Edificio 1700 del Campus N\u00e1inari, donde se exhibieron los trabajos m\u00e1s destacados correspondientes al semestre agosto\u2013diciembre 2025.<\/p>\n<p>La Expo Academias LDG es una muestra acad\u00e9mica que se realiza de manera semestral y tiene como objetivo presentar los mejores proyectos desarrollados por las y los estudiantes de las distintas academias que conforman el programa educativo de Dise\u00f1o Gr\u00e1fico, consolid\u00e1ndose como un espacio de encuentro, aprendizaje e inspiraci\u00f3n para la comunidad universitaria.<\/p>\n<p>&nbsp;<\/p>\n<p>Durante el acto inaugural, el Dr. Armando Ambrosio L\u00f3pez, Director de Ingenier\u00eda y Tecnolog\u00eda, dio la bienvenida a las y los asistentes, destacando el valor de esta exposici\u00f3n como una oportunidad para reconocer el esfuerzo creativo del alumnado y el acompa\u00f1amiento constante de las y los docentes.<\/p>\n<p>&nbsp;<\/p>\n<p>En este sentido, felicit\u00f3 a las y los estudiantes por el talento demostrado en cada proyecto, subrayando que los resultados expuestos son reflejo de la creatividad, el trabajo colaborativo y el compromiso acad\u00e9mico. Reconoci\u00f3 tambi\u00e9n la labor de la Dra. Elsa Lorena Padilla Monge, Jefa del Departamento de Computaci\u00f3n y Dise\u00f1o, de la Mtra. Claudia Erika Mart\u00ednez Espinoza, Responsable del Programa Educativo, as\u00ed como del cuerpo docente que acompa\u00f1a y gu\u00eda la formaci\u00f3n del estudiantado.<\/p>\n<p>&nbsp;<\/p>\n<p>Por su parte, la Dra. Elsa Lorena Padilla Monge expres\u00f3 su entusiasmo por continuar con esta tradici\u00f3n acad\u00e9mica que, semestre a semestre, se convierte en un espacio esperado por estudiantes y docentes.<br \/>\nDestac\u00f3 la calidad y diversidad de la muestra, agradeciendo el trabajo del personal acad\u00e9mico y del staff organizador, y exhort\u00f3 a las y los asistentes a aprender y disfrutar de lo mejor que ofrece esta exposici\u00f3n.<\/p>\n<p>&nbsp;<\/p>\n<p>La muestra incluy\u00f3 proyectos de diversas academias del programa educativo, entre ellas Creatividad e Innovaci\u00f3n, Historia del Dise\u00f1o, Dise\u00f1o de Marca, Identidad Visual, entre otras, permitiendo a las y los asistentes apreciar una amplia variedad de enfoques, t\u00e9cnicas y propuestas visuales que destacan el alto nivel formativo de la Licenciatura en Dise\u00f1o Gr\u00e1fico.<\/p>\n","protected":false},"excerpt":{"rendered":"<p>El Instituto Tecnol\u00f3gico de Sonora (ITSON), a trav\u00e9s de la Licenciatura en Dise\u00f1o Gr\u00e1fico (LDG), llev\u00f3 a cabo la Expo Academias de Dise\u00f1o Gr\u00e1fico, en el Estudio de TV del Edificio 1700 del Campus N\u00e1inari, donde se exhibieron los trabajos m\u00e1s destacados correspondientes al semestre agosto\u2013diciembre 2025. La Expo Academias LDG es una muestra acad\u00e9mica [&hellip;]<\/p>\n","protected":false},"author":2,"featured_media":244927,"comment_status":"closed","ping_status":"closed","sticky":false,"template":"","format":"standard","meta":{"footnotes":""},"categories":[12870,174],"tags":[12865,12873],"class_list":["post-244926","post","type-post","status-publish","format-standard","has-post-thumbnail","hentry","category-destacadas","category-estatal","tag-destacadas","tag-estatal"],"jetpack_featured_media_url":"https:\/\/rnoticias.com.mx\/Portal\/wp-content\/uploads\/2026\/02\/WhatsApp-Image-2026-02-09-at-11.53.13-AM.jpeg","amp_enabled":true,"_links":{"self":[{"href":"https:\/\/rnoticias.com.mx\/Portal\/wp-json\/wp\/v2\/posts\/244926","targetHints":{"allow":["GET"]}}],"collection":[{"href":"https:\/\/rnoticias.com.mx\/Portal\/wp-json\/wp\/v2\/posts"}],"about":[{"href":"https:\/\/rnoticias.com.mx\/Portal\/wp-json\/wp\/v2\/types\/post"}],"author":[{"embeddable":true,"href":"https:\/\/rnoticias.com.mx\/Portal\/wp-json\/wp\/v2\/users\/2"}],"replies":[{"embeddable":true,"href":"https:\/\/rnoticias.com.mx\/Portal\/wp-json\/wp\/v2\/comments?post=244926"}],"version-history":[{"count":1,"href":"https:\/\/rnoticias.com.mx\/Portal\/wp-json\/wp\/v2\/posts\/244926\/revisions"}],"predecessor-version":[{"id":244928,"href":"https:\/\/rnoticias.com.mx\/Portal\/wp-json\/wp\/v2\/posts\/244926\/revisions\/244928"}],"wp:featuredmedia":[{"embeddable":true,"href":"https:\/\/rnoticias.com.mx\/Portal\/wp-json\/wp\/v2\/media\/244927"}],"wp:attachment":[{"href":"https:\/\/rnoticias.com.mx\/Portal\/wp-json\/wp\/v2\/media?parent=244926"}],"wp:term":[{"taxonomy":"category","embeddable":true,"href":"https:\/\/rnoticias.com.mx\/Portal\/wp-json\/wp\/v2\/categories?post=244926"},{"taxonomy":"post_tag","embeddable":true,"href":"https:\/\/rnoticias.com.mx\/Portal\/wp-json\/wp\/v2\/tags?post=244926"}],"curies":[{"name":"wp","href":"https:\/\/api.w.org\/{rel}","templated":true}]}}