{"id":244770,"date":"2026-02-10T15:31:32","date_gmt":"2026-02-10T22:31:32","guid":{"rendered":"https:\/\/rnoticias.com.mx\/Portal\/?p=244770"},"modified":"2026-02-10T15:31:32","modified_gmt":"2026-02-10T22:31:32","slug":"inaugura-gobernador-alfonso-durazo-centro-regional-de-vacunas-en-santa-ana","status":"publish","type":"post","link":"https:\/\/rnoticias.com.mx\/Portal\/2026\/02\/10\/inaugura-gobernador-alfonso-durazo-centro-regional-de-vacunas-en-santa-ana\/","title":{"rendered":"Inaugura Gobernador Alfonso Durazo Centro Regional de Vacunas en Santa Ana"},"content":{"rendered":"<p>Santa Ana, Sonora; 10 de febrero de 2026.\u2013 El gobernador de Sonora, Alfonso Durazo Monta\u00f1o, encabez\u00f3 la apertura del Centro Regional de Vacunas de Santa Ana, una infraestructura estrat\u00e9gica que fortalecer\u00e1 la prevenci\u00f3n y el control de enfermedades en el norte del estado.<\/p>\n<p>Durante el evento, el mandatario destac\u00f3 que este Centro Regional de Vacunaci\u00f3n representa una inversi\u00f3n de 21 millones de pesos, destinada a garantizar espacios modernos, funcionales y adecuados para el resguardo y manejo de biol\u00f3gicos.<\/p>\n<p>El gobernador Durazo subray\u00f3 que este nuevo recinto tendr\u00e1 cobertura para toda la regi\u00f3n norte de Sonora, con cabecera operativa en el municipio de Santa Ana, lo que permitir\u00e1 una atenci\u00f3n m\u00e1s eficiente y oportuna.<\/p>\n<p>Precis\u00f3 que, a trav\u00e9s de estas instalaciones, se atender\u00e1 a un total de 27 municipios, asegurando una mejor distribuci\u00f3n y disponibilidad de vacunas para la poblaci\u00f3n de esta zona del estado.<\/p>\n<p>Asimismo, se\u00f1al\u00f3 que el centro permitir\u00e1 optimizar la log\u00edstica del sistema de vacunaci\u00f3n, reduciendo tiempos de traslado y fortaleciendo la cadena de fr\u00edo, elemento clave para conservar la calidad y eficacia de las vacunas.<\/p>\n<p>Finalmente, Alfonso Durazo reiter\u00f3 el compromiso del Gobierno de Sonora de seguir invirtiendo en infraestructura de salud que garantice el bienestar de las y los sonorenses, priorizando la prevenci\u00f3n como pilar fundamental de la salud p\u00fablica.<\/p>\n","protected":false},"excerpt":{"rendered":"<p>Santa Ana, Sonora; 10 de febrero de 2026.\u2013 El gobernador de Sonora, Alfonso Durazo Monta\u00f1o, encabez\u00f3 la apertura del Centro Regional de Vacunas de Santa Ana, una infraestructura estrat\u00e9gica que fortalecer\u00e1 la prevenci\u00f3n y el control de enfermedades en el norte del estado. Durante el evento, el mandatario destac\u00f3 que este Centro Regional de Vacunaci\u00f3n [&hellip;]<\/p>\n","protected":false},"author":2,"featured_media":244771,"comment_status":"closed","ping_status":"closed","sticky":false,"template":"","format":"standard","meta":{"footnotes":""},"categories":[12870,174],"tags":[12865,12873],"class_list":["post-244770","post","type-post","status-publish","format-standard","has-post-thumbnail","hentry","category-destacadas","category-estatal","tag-destacadas","tag-estatal"],"jetpack_featured_media_url":"https:\/\/rnoticias.com.mx\/Portal\/wp-content\/uploads\/2026\/02\/unnamed-4-3.jpg","amp_enabled":true,"_links":{"self":[{"href":"https:\/\/rnoticias.com.mx\/Portal\/wp-json\/wp\/v2\/posts\/244770","targetHints":{"allow":["GET"]}}],"collection":[{"href":"https:\/\/rnoticias.com.mx\/Portal\/wp-json\/wp\/v2\/posts"}],"about":[{"href":"https:\/\/rnoticias.com.mx\/Portal\/wp-json\/wp\/v2\/types\/post"}],"author":[{"embeddable":true,"href":"https:\/\/rnoticias.com.mx\/Portal\/wp-json\/wp\/v2\/users\/2"}],"replies":[{"embeddable":true,"href":"https:\/\/rnoticias.com.mx\/Portal\/wp-json\/wp\/v2\/comments?post=244770"}],"version-history":[{"count":1,"href":"https:\/\/rnoticias.com.mx\/Portal\/wp-json\/wp\/v2\/posts\/244770\/revisions"}],"predecessor-version":[{"id":244772,"href":"https:\/\/rnoticias.com.mx\/Portal\/wp-json\/wp\/v2\/posts\/244770\/revisions\/244772"}],"wp:featuredmedia":[{"embeddable":true,"href":"https:\/\/rnoticias.com.mx\/Portal\/wp-json\/wp\/v2\/media\/244771"}],"wp:attachment":[{"href":"https:\/\/rnoticias.com.mx\/Portal\/wp-json\/wp\/v2\/media?parent=244770"}],"wp:term":[{"taxonomy":"category","embeddable":true,"href":"https:\/\/rnoticias.com.mx\/Portal\/wp-json\/wp\/v2\/categories?post=244770"},{"taxonomy":"post_tag","embeddable":true,"href":"https:\/\/rnoticias.com.mx\/Portal\/wp-json\/wp\/v2\/tags?post=244770"}],"curies":[{"name":"wp","href":"https:\/\/api.w.org\/{rel}","templated":true}]}}