{"id":244767,"date":"2026-02-10T15:29:53","date_gmt":"2026-02-10T22:29:53","guid":{"rendered":"https:\/\/rnoticias.com.mx\/Portal\/?p=244767"},"modified":"2026-02-10T15:29:53","modified_gmt":"2026-02-10T22:29:53","slug":"gobierno-de-sonora-inaugura-con-gran-exito-casa-sonora-en-punto-mexico","status":"publish","type":"post","link":"https:\/\/rnoticias.com.mx\/Portal\/2026\/02\/10\/gobierno-de-sonora-inaugura-con-gran-exito-casa-sonora-en-punto-mexico\/","title":{"rendered":"Gobierno de Sonora inaugura con gran \u00e9xito Casa Sonora en Punto M\u00e9xico"},"content":{"rendered":"<p>Ciudad de M\u00e9xico; 10 de febrero de 2026.\u2013 Con el objetivo de fortalecer la promoci\u00f3n tur\u00edstica, cultural y econ\u00f3mica del estado, el Gobierno de Sonora, a trav\u00e9s de la Secretar\u00eda de Econom\u00eda y Turismo (SETUR), inaugur\u00f3 con gran \u00e9xito Casa Sonora en Punto M\u00e9xico, un espacio estrat\u00e9gico que proyecta la identidad sonorense a nivel nacional e internacional.<\/p>\n<p>Gracias al trabajo y compromiso del gobernador Alfonso Durazo Monta\u00f1o, Casa Sonora se consolida como una ventana permanente para mostrar lo mejor del estado, generando nuevas oportunidades de promoci\u00f3n, atracci\u00f3n de visitantes y fortalecimiento de la econom\u00eda local, al posicionar a Sonora como un destino de vanguardia, competitivo y con alto valor cultural.<\/p>\n<p>La inauguraci\u00f3n fue encabezada por la secretaria de Turismo del Gobierno de M\u00e9xico, Josefina Rodr\u00edguez Zamora, quien destac\u00f3 la relevancia de los Pueblos M\u00e1gicos de Sonora, la amplia oferta de eventos internacionales, su diversidad de ecosistemas tur\u00edsticos y el importante crecimiento tur\u00edstico en el estado.<\/p>\n<p>Por su parte, el secretario de Econom\u00eda y Turismo del Estado de Sonora, Roberto Gradillas Pineda, enfatiz\u00f3 la importancia de llevar a Punto M\u00e9xico la esencia de la entidad, destacando la riqueza gastron\u00f3mica, las artesan\u00edas regionales como la talabarter\u00eda, el bacanora como bebida emblem\u00e1tica y los principales atractivos tur\u00edsticos que caracterizan esta regi\u00f3n.<\/p>\n<p>\u201cEl compromiso de nuestro gobernador Alfonso Durazo Monta\u00f1o y la excelente colaboraci\u00f3n de la secretaria de Turismo del Gobierno de M\u00e9xico, Josefina Rodr\u00edguez, han permitido fortalecer el concepto de Casa Sonora a nivel nacional e internacional, consolidando nuestra identidad, promoviendo el turismo y el desarrollo econ\u00f3mico de Sonora\u201d, se\u00f1al\u00f3 Gradillas Pineda.<\/p>\n<p>Con la apertura de Casa Sonora en Punto M\u00e9xico, ubicada en la planta baja de la Secretar\u00eda de Turismo Federal, en Pdte. Masaryk y Hegel, en la Ciudad de M\u00e9xico, el Gobierno de Sonora, a trav\u00e9s de SETUR, reafirma su compromiso por impulsar el turismo, promover el talento local y fortalecer su presencia en espacios estrat\u00e9gicos de alcance nacional e internacional, consolidando a Sonora como un estado con identidad, historia y visi\u00f3n de futuro.<\/p>\n","protected":false},"excerpt":{"rendered":"<p>Ciudad de M\u00e9xico; 10 de febrero de 2026.\u2013 Con el objetivo de fortalecer la promoci\u00f3n tur\u00edstica, cultural y econ\u00f3mica del estado, el Gobierno de Sonora, a trav\u00e9s de la Secretar\u00eda de Econom\u00eda y Turismo (SETUR), inaugur\u00f3 con gran \u00e9xito Casa Sonora en Punto M\u00e9xico, un espacio estrat\u00e9gico que proyecta la identidad sonorense a nivel nacional [&hellip;]<\/p>\n","protected":false},"author":2,"featured_media":244768,"comment_status":"closed","ping_status":"closed","sticky":false,"template":"","format":"standard","meta":{"footnotes":""},"categories":[12870,178],"tags":[12865,12869],"class_list":["post-244767","post","type-post","status-publish","format-standard","has-post-thumbnail","hentry","category-destacadas","category-local","tag-destacadas","tag-local"],"jetpack_featured_media_url":"https:\/\/rnoticias.com.mx\/Portal\/wp-content\/uploads\/2026\/02\/unnamed-2-9.jpg","amp_enabled":true,"_links":{"self":[{"href":"https:\/\/rnoticias.com.mx\/Portal\/wp-json\/wp\/v2\/posts\/244767","targetHints":{"allow":["GET"]}}],"collection":[{"href":"https:\/\/rnoticias.com.mx\/Portal\/wp-json\/wp\/v2\/posts"}],"about":[{"href":"https:\/\/rnoticias.com.mx\/Portal\/wp-json\/wp\/v2\/types\/post"}],"author":[{"embeddable":true,"href":"https:\/\/rnoticias.com.mx\/Portal\/wp-json\/wp\/v2\/users\/2"}],"replies":[{"embeddable":true,"href":"https:\/\/rnoticias.com.mx\/Portal\/wp-json\/wp\/v2\/comments?post=244767"}],"version-history":[{"count":1,"href":"https:\/\/rnoticias.com.mx\/Portal\/wp-json\/wp\/v2\/posts\/244767\/revisions"}],"predecessor-version":[{"id":244769,"href":"https:\/\/rnoticias.com.mx\/Portal\/wp-json\/wp\/v2\/posts\/244767\/revisions\/244769"}],"wp:featuredmedia":[{"embeddable":true,"href":"https:\/\/rnoticias.com.mx\/Portal\/wp-json\/wp\/v2\/media\/244768"}],"wp:attachment":[{"href":"https:\/\/rnoticias.com.mx\/Portal\/wp-json\/wp\/v2\/media?parent=244767"}],"wp:term":[{"taxonomy":"category","embeddable":true,"href":"https:\/\/rnoticias.com.mx\/Portal\/wp-json\/wp\/v2\/categories?post=244767"},{"taxonomy":"post_tag","embeddable":true,"href":"https:\/\/rnoticias.com.mx\/Portal\/wp-json\/wp\/v2\/tags?post=244767"}],"curies":[{"name":"wp","href":"https:\/\/api.w.org\/{rel}","templated":true}]}}