{"id":244686,"date":"2026-02-09T20:24:51","date_gmt":"2026-02-10T03:24:51","guid":{"rendered":"https:\/\/rnoticias.com.mx\/Portal\/?p=244686"},"modified":"2026-02-09T20:24:51","modified_gmt":"2026-02-10T03:24:51","slug":"cuidado-de-la-salud-de-jovenes-itama-es-un-derecho","status":"publish","type":"post","link":"https:\/\/rnoticias.com.mx\/Portal\/2026\/02\/09\/cuidado-de-la-salud-de-jovenes-itama-es-un-derecho\/","title":{"rendered":"Cuidado de la salud de j\u00f3venes ITAMA es un derecho"},"content":{"rendered":"<p>Hermosillo, Sonora; 9 de febrero de 2026.- Por ser la salud un derecho de la poblaci\u00f3n que cumple una medida en internamiento para su reinserci\u00f3n social en los centros del Instituto de Tratamiento y de Aplicaci\u00f3n de Medidas para Adolescentes (ITAMA), se realizan jornadas m\u00e9dicas de forma permanente con acciones para prevenir enfermedades.<\/p>\n<p>Personal del Centro de Salud \u201cEmiliano Zapata\u201d acude peri\u00f3dicamente para acercar jornadas de servicios como parte de la coordinaci\u00f3n interinstitucional en beneficio de las y los j\u00f3venes.<\/p>\n<p>Karla Ibeth Quijada Romo, directora general del ITAMA, explic\u00f3 que en los centros Hermosillo 1 y 2 se realiz\u00f3 una jornada de salud con atenciones personalizadas.<\/p>\n<p>De entre los servicios que se ofrecieron destacan:<\/p>\n<p>* Centro varonil Hermosillo 1: salud bucal, consultas m\u00e9dicas, pl\u00e1ticas de prevenci\u00f3n de enfermedades.<\/p>\n<p>* Centro femenil Hermosillo 2: Papanicolaou y exploraci\u00f3n mamaria.<\/p>\n<p>Indic\u00f3 que desde el ingreso de las y los j\u00f3venes a los centros Hermosillo 1 y 2 se les ofrece atenci\u00f3n psicol\u00f3gica, educativa, capacitaci\u00f3n para el trabajo y atenci\u00f3n m\u00e9dica, con el soporte de la Secretar\u00eda de Salud a trav\u00e9s del Centro \u201cEmiliano Zapata\u201d.<\/p>\n<p>Cabe destacar que la Secretar\u00eda de Seguridad y Protecci\u00f3n Ciudadana encamina esfuerzos permanentes por la reinserci\u00f3n social; no obstante, el cuidado de la salud de cada joven es prioridad en ITAMA.<\/p>\n","protected":false},"excerpt":{"rendered":"<p>Hermosillo, Sonora; 9 de febrero de 2026.- Por ser la salud un derecho de la poblaci\u00f3n que cumple una medida en internamiento para su reinserci\u00f3n social en los centros del Instituto de Tratamiento y de Aplicaci\u00f3n de Medidas para Adolescentes (ITAMA), se realizan jornadas m\u00e9dicas de forma permanente con acciones para prevenir enfermedades. Personal del [&hellip;]<\/p>\n","protected":false},"author":2,"featured_media":244687,"comment_status":"closed","ping_status":"closed","sticky":false,"template":"","format":"standard","meta":{"footnotes":""},"categories":[178],"tags":[12869],"class_list":["post-244686","post","type-post","status-publish","format-standard","has-post-thumbnail","hentry","category-local","tag-local"],"jetpack_featured_media_url":"https:\/\/rnoticias.com.mx\/Portal\/wp-content\/uploads\/2026\/02\/unnamed-28.jpg","amp_enabled":true,"_links":{"self":[{"href":"https:\/\/rnoticias.com.mx\/Portal\/wp-json\/wp\/v2\/posts\/244686","targetHints":{"allow":["GET"]}}],"collection":[{"href":"https:\/\/rnoticias.com.mx\/Portal\/wp-json\/wp\/v2\/posts"}],"about":[{"href":"https:\/\/rnoticias.com.mx\/Portal\/wp-json\/wp\/v2\/types\/post"}],"author":[{"embeddable":true,"href":"https:\/\/rnoticias.com.mx\/Portal\/wp-json\/wp\/v2\/users\/2"}],"replies":[{"embeddable":true,"href":"https:\/\/rnoticias.com.mx\/Portal\/wp-json\/wp\/v2\/comments?post=244686"}],"version-history":[{"count":1,"href":"https:\/\/rnoticias.com.mx\/Portal\/wp-json\/wp\/v2\/posts\/244686\/revisions"}],"predecessor-version":[{"id":244688,"href":"https:\/\/rnoticias.com.mx\/Portal\/wp-json\/wp\/v2\/posts\/244686\/revisions\/244688"}],"wp:featuredmedia":[{"embeddable":true,"href":"https:\/\/rnoticias.com.mx\/Portal\/wp-json\/wp\/v2\/media\/244687"}],"wp:attachment":[{"href":"https:\/\/rnoticias.com.mx\/Portal\/wp-json\/wp\/v2\/media?parent=244686"}],"wp:term":[{"taxonomy":"category","embeddable":true,"href":"https:\/\/rnoticias.com.mx\/Portal\/wp-json\/wp\/v2\/categories?post=244686"},{"taxonomy":"post_tag","embeddable":true,"href":"https:\/\/rnoticias.com.mx\/Portal\/wp-json\/wp\/v2\/tags?post=244686"}],"curies":[{"name":"wp","href":"https:\/\/api.w.org\/{rel}","templated":true}]}}