{"id":244612,"date":"2026-02-09T18:16:00","date_gmt":"2026-02-10T01:16:00","guid":{"rendered":"https:\/\/rnoticias.com.mx\/Portal\/?p=244612"},"modified":"2026-02-09T18:16:00","modified_gmt":"2026-02-10T01:16:00","slug":"agradecen-estudiantes-de-imuris-a-gobernador-durazo-por-beca-sonora-de-oportunidades","status":"publish","type":"post","link":"https:\/\/rnoticias.com.mx\/Portal\/2026\/02\/09\/agradecen-estudiantes-de-imuris-a-gobernador-durazo-por-beca-sonora-de-oportunidades\/","title":{"rendered":"Agradecen estudiantes de \u00cdmuris a Gobernador Durazo por Beca Sonora de Oportunidades"},"content":{"rendered":"<p>Estudiantes de primarias p\u00fablicas de \u00cdmuris agradecieron al gobernador Alfonso Durazo Monta\u00f1o por la entrega de becas en su municipio, estimulo que utilizar\u00e1n para comprar material y accesorios de uso en clases.<\/p>\n<p>Luis Emilio Molina Corella se\u00f1al\u00f3: \u201cMe siento muy bien, muy feliz. Voy a ahorrar para lo que se ocupe. Muchas gracias por todo eso&#8221;.<\/p>\n<p>David Rafael Garc\u00eda Sotelo, agradeci\u00f3 al gobernador por haber hecho realidad el pago de su beca: &#8220;Me siento muy bien, me voy a comprar un pans de la escuela, unos zapatos y unos calcetines. Pues est\u00e1 bien porque varios ni\u00f1os no tienen para comer, para tenis, ropa&#8221;.<\/p>\n<p>Iris Aydana Yocupicio Badilla, expres\u00f3: \u201cBien, me siento bien feliz. Comprar\u00e9 ropa, zapatos, cosas para la escuela. Muchas gracias y que Dios se los multiplique&#8221;.<\/p>\n<p>Para Brandon Jes\u00fas Ochoa Tabanico recibir una beca significa poder costear los gastos de \u00fatiles escolares y uniformes: &#8220;Me siento feliz. Comprar\u00e9 unos tenis, tambi\u00e9n una mochila, una botella para el agua y \u00fatiles. Est\u00e1 muy bien y que lo siga haciendo&#8221;.<\/p>\n<p>Jos\u00e9 Antonio Bracamotes Siqueiros manifest\u00f3: &#8220;Muy bien, para comprarme ropa, cosas, pues s\u00ed, me siento muy bien. Gracias porque nos dan las becas, desde hace mucho que la estaba esperando&#8221;.<\/p>\n","protected":false},"excerpt":{"rendered":"<p>Estudiantes de primarias p\u00fablicas de \u00cdmuris agradecieron al gobernador Alfonso Durazo Monta\u00f1o por la entrega de becas en su municipio, estimulo que utilizar\u00e1n para comprar material y accesorios de uso en clases. Luis Emilio Molina Corella se\u00f1al\u00f3: \u201cMe siento muy bien, muy feliz. Voy a ahorrar para lo que se ocupe. Muchas gracias por todo [&hellip;]<\/p>\n","protected":false},"author":2,"featured_media":244613,"comment_status":"closed","ping_status":"closed","sticky":false,"template":"","format":"standard","meta":{"footnotes":""},"categories":[12870,174],"tags":[12865,12873],"class_list":["post-244612","post","type-post","status-publish","format-standard","has-post-thumbnail","hentry","category-destacadas","category-estatal","tag-destacadas","tag-estatal"],"jetpack_featured_media_url":"https:\/\/rnoticias.com.mx\/Portal\/wp-content\/uploads\/2026\/02\/34-scaled.jpg","amp_enabled":true,"_links":{"self":[{"href":"https:\/\/rnoticias.com.mx\/Portal\/wp-json\/wp\/v2\/posts\/244612","targetHints":{"allow":["GET"]}}],"collection":[{"href":"https:\/\/rnoticias.com.mx\/Portal\/wp-json\/wp\/v2\/posts"}],"about":[{"href":"https:\/\/rnoticias.com.mx\/Portal\/wp-json\/wp\/v2\/types\/post"}],"author":[{"embeddable":true,"href":"https:\/\/rnoticias.com.mx\/Portal\/wp-json\/wp\/v2\/users\/2"}],"replies":[{"embeddable":true,"href":"https:\/\/rnoticias.com.mx\/Portal\/wp-json\/wp\/v2\/comments?post=244612"}],"version-history":[{"count":1,"href":"https:\/\/rnoticias.com.mx\/Portal\/wp-json\/wp\/v2\/posts\/244612\/revisions"}],"predecessor-version":[{"id":244614,"href":"https:\/\/rnoticias.com.mx\/Portal\/wp-json\/wp\/v2\/posts\/244612\/revisions\/244614"}],"wp:featuredmedia":[{"embeddable":true,"href":"https:\/\/rnoticias.com.mx\/Portal\/wp-json\/wp\/v2\/media\/244613"}],"wp:attachment":[{"href":"https:\/\/rnoticias.com.mx\/Portal\/wp-json\/wp\/v2\/media?parent=244612"}],"wp:term":[{"taxonomy":"category","embeddable":true,"href":"https:\/\/rnoticias.com.mx\/Portal\/wp-json\/wp\/v2\/categories?post=244612"},{"taxonomy":"post_tag","embeddable":true,"href":"https:\/\/rnoticias.com.mx\/Portal\/wp-json\/wp\/v2\/tags?post=244612"}],"curies":[{"name":"wp","href":"https:\/\/api.w.org\/{rel}","templated":true}]}}