{"id":244606,"date":"2026-02-09T17:20:07","date_gmt":"2026-02-10T00:20:07","guid":{"rendered":"https:\/\/rnoticias.com.mx\/Portal\/?p=244606"},"modified":"2026-02-09T17:20:07","modified_gmt":"2026-02-10T00:20:07","slug":"dif-hermosillo-abre-espacios-en-casas-de-los-abuelos-para-adultos-mayores","status":"publish","type":"post","link":"https:\/\/rnoticias.com.mx\/Portal\/2026\/02\/09\/dif-hermosillo-abre-espacios-en-casas-de-los-abuelos-para-adultos-mayores\/","title":{"rendered":"DIF Hermosillo abre espacios en Casas de los Abuelos para adultos mayores"},"content":{"rendered":"<p>los Abuelos para adultos mayores<\/p>\n<p>&nbsp;<\/p>\n<p>Hermosillo, Sonora. El DIF Hermosillo inform\u00f3 que cuatro de las seis Casas de los Abuelos que opera actualmente cuentan con espacios disponibles para recibir a personas adultas mayores interesadas en integrarse a actividades recreativas, educativas y de convivencia social.<\/p>\n<p>&nbsp;<\/p>\n<p>La directora del organismo, Madeleine Bonnafoux Alcaraz, detall\u00f3 que las casas con disponibilidad se localizan en las colonias Mariachi, Olivares, Olivos y en el Poblado Miguel Alem\u00e1n, donde se ofrece un entorno adecuado y seguro para las y los asistentes.<\/p>\n<p>&nbsp;<\/p>\n<p>\u201cEn estos espacios, las personas adultas mayores reciben alimentos, apoyo en servicios f\u00edsicos y participan en talleres de manualidades, clases de baile, as\u00ed como terapias de tanatolog\u00eda y atenci\u00f3n psicol\u00f3gica\u201d, manifest\u00f3.<\/p>\n<p>&nbsp;<\/p>\n<p>Para las personas interesadas en inscribirse, pueden comunicarse v\u00eda llamada o WhatsApp al n\u00famero 662 254 5412.<\/p>\n<p>&nbsp;<\/p>\n<p>&nbsp;<\/p>\n","protected":false},"excerpt":{"rendered":"<p>los Abuelos para adultos mayores &nbsp; Hermosillo, Sonora. El DIF Hermosillo inform\u00f3 que cuatro de las seis Casas de los Abuelos que opera actualmente cuentan con espacios disponibles para recibir a personas adultas mayores interesadas en integrarse a actividades recreativas, educativas y de convivencia social. &nbsp; La directora del organismo, Madeleine Bonnafoux Alcaraz, detall\u00f3 que [&hellip;]<\/p>\n","protected":false},"author":2,"featured_media":244607,"comment_status":"closed","ping_status":"closed","sticky":false,"template":"","format":"standard","meta":{"footnotes":""},"categories":[12870,178],"tags":[12865,12869],"class_list":["post-244606","post","type-post","status-publish","format-standard","has-post-thumbnail","hentry","category-destacadas","category-local","tag-destacadas","tag-local"],"jetpack_featured_media_url":"https:\/\/rnoticias.com.mx\/Portal\/wp-content\/uploads\/2026\/02\/ff-14.jpg","amp_enabled":true,"_links":{"self":[{"href":"https:\/\/rnoticias.com.mx\/Portal\/wp-json\/wp\/v2\/posts\/244606","targetHints":{"allow":["GET"]}}],"collection":[{"href":"https:\/\/rnoticias.com.mx\/Portal\/wp-json\/wp\/v2\/posts"}],"about":[{"href":"https:\/\/rnoticias.com.mx\/Portal\/wp-json\/wp\/v2\/types\/post"}],"author":[{"embeddable":true,"href":"https:\/\/rnoticias.com.mx\/Portal\/wp-json\/wp\/v2\/users\/2"}],"replies":[{"embeddable":true,"href":"https:\/\/rnoticias.com.mx\/Portal\/wp-json\/wp\/v2\/comments?post=244606"}],"version-history":[{"count":1,"href":"https:\/\/rnoticias.com.mx\/Portal\/wp-json\/wp\/v2\/posts\/244606\/revisions"}],"predecessor-version":[{"id":244608,"href":"https:\/\/rnoticias.com.mx\/Portal\/wp-json\/wp\/v2\/posts\/244606\/revisions\/244608"}],"wp:featuredmedia":[{"embeddable":true,"href":"https:\/\/rnoticias.com.mx\/Portal\/wp-json\/wp\/v2\/media\/244607"}],"wp:attachment":[{"href":"https:\/\/rnoticias.com.mx\/Portal\/wp-json\/wp\/v2\/media?parent=244606"}],"wp:term":[{"taxonomy":"category","embeddable":true,"href":"https:\/\/rnoticias.com.mx\/Portal\/wp-json\/wp\/v2\/categories?post=244606"},{"taxonomy":"post_tag","embeddable":true,"href":"https:\/\/rnoticias.com.mx\/Portal\/wp-json\/wp\/v2\/tags?post=244606"}],"curies":[{"name":"wp","href":"https:\/\/api.w.org\/{rel}","templated":true}]}}