{"id":244596,"date":"2026-02-09T17:13:19","date_gmt":"2026-02-10T00:13:19","guid":{"rendered":"https:\/\/rnoticias.com.mx\/Portal\/?p=244596"},"modified":"2026-02-09T17:13:19","modified_gmt":"2026-02-10T00:13:19","slug":"inician-entrega-de-tarjetas-de-pensiones-bienestar-en-sonora","status":"publish","type":"post","link":"https:\/\/rnoticias.com.mx\/Portal\/2026\/02\/09\/inician-entrega-de-tarjetas-de-pensiones-bienestar-en-sonora\/","title":{"rendered":"Inician entrega de tarjetas de pensiones Bienestar en Sonora"},"content":{"rendered":"<p>Del 10 al 14 de febrero se realizar\u00e1 en Sonora la entrega de tarjetas de la Pensi\u00f3n para Adultos Mayores y de la Pensi\u00f3n Mujeres Bienestar, dirigidas a m\u00e1s de 11 mil personas que se registraron en diciembre de 2025.<\/p>\n<p>&nbsp;<\/p>\n<p>Octavio Almada Palafox, delegado federal de los Programas de Bienestar en Sonora, inform\u00f3 que alrededor de 5 mil 700 adultos mayores y cerca de 5 mil 900 mujeres ser\u00e1n beneficiadas.<\/p>\n<p>&nbsp;<\/p>\n<p>\u201cQui\u00e9nes son los que les va a llegar la tarjeta? Los que se registraron en el mes\u00a0de diciembre del a\u00f1o pasado. Ellos, todos ellos se van a hacer la entrega, ya les mandaron un mensajito para que acudieran el d\u00eda y la hora al lugar que les\u00a0corresponde y eso ya se da un paso m\u00e1s a trav\u00e9s del gobierno de adulto mayor y\u00a0tambi\u00e9n se van a entregar tarjetas de la pensi\u00f3n de mujeres de bienestar que\u00a0tambi\u00e9n se registraron en el mes de diciembre del a\u00f1o pasado\u201d, cont\u00f3.<\/p>\n<p>&nbsp;<\/p>\n<p>Precis\u00f3 que el pago comenzar\u00e1 a reflejarse en el siguiente bimestre posterior a la entrega de la tarjeta. Adem\u00e1s, anunci\u00f3 que del 16 al 22 de febrero se abrir\u00e1 un nuevo periodo de incorporaciones para ambos programas, con atenci\u00f3n incluso los domingos.<\/p>\n<p>&nbsp;<\/p>\n<p>Almada Palafox tambi\u00e9n, confirm\u00f3 que cerca de 5 mil sembradores del estado recibir\u00e1n a partir de este lunes su apoyo mensual de 6 mil 400 pesos.<\/p>\n<p>&nbsp;<\/p>\n","protected":false},"excerpt":{"rendered":"<p>Del 10 al 14 de febrero se realizar\u00e1 en Sonora la entrega de tarjetas de la Pensi\u00f3n para Adultos Mayores y de la Pensi\u00f3n Mujeres Bienestar, dirigidas a m\u00e1s de 11 mil personas que se registraron en diciembre de 2025. &nbsp; Octavio Almada Palafox, delegado federal de los Programas de Bienestar en Sonora, inform\u00f3 que [&hellip;]<\/p>\n","protected":false},"author":2,"featured_media":244597,"comment_status":"closed","ping_status":"closed","sticky":false,"template":"","format":"standard","meta":{"footnotes":""},"categories":[12870,174],"tags":[12865,12873],"class_list":["post-244596","post","type-post","status-publish","format-standard","has-post-thumbnail","hentry","category-destacadas","category-estatal","tag-destacadas","tag-estatal"],"jetpack_featured_media_url":"https:\/\/rnoticias.com.mx\/Portal\/wp-content\/uploads\/2026\/02\/octavio-almada-palafox-bienestar-sonora-f679da00-focus-0-0-750-421.webp","amp_enabled":true,"_links":{"self":[{"href":"https:\/\/rnoticias.com.mx\/Portal\/wp-json\/wp\/v2\/posts\/244596","targetHints":{"allow":["GET"]}}],"collection":[{"href":"https:\/\/rnoticias.com.mx\/Portal\/wp-json\/wp\/v2\/posts"}],"about":[{"href":"https:\/\/rnoticias.com.mx\/Portal\/wp-json\/wp\/v2\/types\/post"}],"author":[{"embeddable":true,"href":"https:\/\/rnoticias.com.mx\/Portal\/wp-json\/wp\/v2\/users\/2"}],"replies":[{"embeddable":true,"href":"https:\/\/rnoticias.com.mx\/Portal\/wp-json\/wp\/v2\/comments?post=244596"}],"version-history":[{"count":1,"href":"https:\/\/rnoticias.com.mx\/Portal\/wp-json\/wp\/v2\/posts\/244596\/revisions"}],"predecessor-version":[{"id":244598,"href":"https:\/\/rnoticias.com.mx\/Portal\/wp-json\/wp\/v2\/posts\/244596\/revisions\/244598"}],"wp:featuredmedia":[{"embeddable":true,"href":"https:\/\/rnoticias.com.mx\/Portal\/wp-json\/wp\/v2\/media\/244597"}],"wp:attachment":[{"href":"https:\/\/rnoticias.com.mx\/Portal\/wp-json\/wp\/v2\/media?parent=244596"}],"wp:term":[{"taxonomy":"category","embeddable":true,"href":"https:\/\/rnoticias.com.mx\/Portal\/wp-json\/wp\/v2\/categories?post=244596"},{"taxonomy":"post_tag","embeddable":true,"href":"https:\/\/rnoticias.com.mx\/Portal\/wp-json\/wp\/v2\/tags?post=244596"}],"curies":[{"name":"wp","href":"https:\/\/api.w.org\/{rel}","templated":true}]}}