{"id":244593,"date":"2026-02-09T17:12:20","date_gmt":"2026-02-10T00:12:20","guid":{"rendered":"https:\/\/rnoticias.com.mx\/Portal\/?p=244593"},"modified":"2026-02-09T17:12:20","modified_gmt":"2026-02-10T00:12:20","slug":"reabren-tiendas-waldos-en-obregon-tras-cumplir-requisitos-de-seguridad","status":"publish","type":"post","link":"https:\/\/rnoticias.com.mx\/Portal\/2026\/02\/09\/reabren-tiendas-waldos-en-obregon-tras-cumplir-requisitos-de-seguridad\/","title":{"rendered":"Reabren tiendas Waldos en Obreg\u00f3n tras cumplir requisitos de seguridad"},"content":{"rendered":"<p>Tres de las siete tiendas Waldo\u2019s en Ciudad Obreg\u00f3n reanudaron operaciones este fin de semana, luego de permanecer cerradas por m\u00e1s de tres meses tras el incendio ocurrido en una sucursal de Hermosillo, donde murieron 24 personas.<\/p>\n<p>&nbsp;<\/p>\n<p>El alcalde de Cajeme, Javier Lamarque Cano, inform\u00f3 que la reapertura se autoriz\u00f3 una vez atendidas las observaciones de Protecci\u00f3n Civil estatal en materia de seguridad.<\/p>\n<p>&nbsp;<\/p>\n<p>\u201cSe hizo una inspecci\u00f3n conjuntamente con el estado y comprobaron que las recomendaciones se han estado atendiendo, que ya est\u00e1n en condiciones de funcionar y por eso ya abrieron las tiendas de Waldos aqu\u00ed en Cajeme\u201d, dijo.<\/p>\n<p>&nbsp;<\/p>\n<p>Detall\u00f3 que las sucursales abiertas se ubican en la calle 5 de Febrero, en el Centro; sobre la calle No Reelecci\u00f3n, y en la Zona Comercial El Rodeo. El resto de las tiendas permanece cerrado en espera de cumplir con todos los requisitos establecidos por las autoridades correspondientes.<\/p>\n","protected":false},"excerpt":{"rendered":"<p>Tres de las siete tiendas Waldo\u2019s en Ciudad Obreg\u00f3n reanudaron operaciones este fin de semana, luego de permanecer cerradas por m\u00e1s de tres meses tras el incendio ocurrido en una sucursal de Hermosillo, donde murieron 24 personas. &nbsp; El alcalde de Cajeme, Javier Lamarque Cano, inform\u00f3 que la reapertura se autoriz\u00f3 una vez atendidas las [&hellip;]<\/p>\n","protected":false},"author":2,"featured_media":244594,"comment_status":"closed","ping_status":"closed","sticky":false,"template":"","format":"standard","meta":{"footnotes":""},"categories":[12870,174],"tags":[12865,12873],"class_list":["post-244593","post","type-post","status-publish","format-standard","has-post-thumbnail","hentry","category-destacadas","category-estatal","tag-destacadas","tag-estatal"],"jetpack_featured_media_url":"https:\/\/rnoticias.com.mx\/Portal\/wp-content\/uploads\/2026\/02\/waldos-reabre-sus-puertas-en-ciudad-obregon-d0cf0af5-focus-0-0-1280-720.webp","amp_enabled":true,"_links":{"self":[{"href":"https:\/\/rnoticias.com.mx\/Portal\/wp-json\/wp\/v2\/posts\/244593","targetHints":{"allow":["GET"]}}],"collection":[{"href":"https:\/\/rnoticias.com.mx\/Portal\/wp-json\/wp\/v2\/posts"}],"about":[{"href":"https:\/\/rnoticias.com.mx\/Portal\/wp-json\/wp\/v2\/types\/post"}],"author":[{"embeddable":true,"href":"https:\/\/rnoticias.com.mx\/Portal\/wp-json\/wp\/v2\/users\/2"}],"replies":[{"embeddable":true,"href":"https:\/\/rnoticias.com.mx\/Portal\/wp-json\/wp\/v2\/comments?post=244593"}],"version-history":[{"count":1,"href":"https:\/\/rnoticias.com.mx\/Portal\/wp-json\/wp\/v2\/posts\/244593\/revisions"}],"predecessor-version":[{"id":244595,"href":"https:\/\/rnoticias.com.mx\/Portal\/wp-json\/wp\/v2\/posts\/244593\/revisions\/244595"}],"wp:featuredmedia":[{"embeddable":true,"href":"https:\/\/rnoticias.com.mx\/Portal\/wp-json\/wp\/v2\/media\/244594"}],"wp:attachment":[{"href":"https:\/\/rnoticias.com.mx\/Portal\/wp-json\/wp\/v2\/media?parent=244593"}],"wp:term":[{"taxonomy":"category","embeddable":true,"href":"https:\/\/rnoticias.com.mx\/Portal\/wp-json\/wp\/v2\/categories?post=244593"},{"taxonomy":"post_tag","embeddable":true,"href":"https:\/\/rnoticias.com.mx\/Portal\/wp-json\/wp\/v2\/tags?post=244593"}],"curies":[{"name":"wp","href":"https:\/\/api.w.org\/{rel}","templated":true}]}}