{"id":244572,"date":"2026-02-09T16:07:08","date_gmt":"2026-02-09T23:07:08","guid":{"rendered":"https:\/\/rnoticias.com.mx\/Portal\/?p=244572"},"modified":"2026-02-09T16:07:08","modified_gmt":"2026-02-09T23:07:08","slug":"cultura-bike-impulsa-seguridad-vial-con-luces-reflejantes","status":"publish","type":"post","link":"https:\/\/rnoticias.com.mx\/Portal\/2026\/02\/09\/cultura-bike-impulsa-seguridad-vial-con-luces-reflejantes\/","title":{"rendered":"Cultura Bike impulsa seguridad vial con luces reflejantes"},"content":{"rendered":"<p>Cultura Bike M\u00e9xico mantiene activa la campa\u00f1a permanente de donaci\u00f3n de luces reflejantes para ciclistas en Sonora, mediante el programa \u201cUna Luz Para Tu Vida Ciclista\u201d, con el objetivo de fortalecer la seguridad vial y reducir riesgos en la v\u00eda p\u00fablica.<\/p>\n<p>&nbsp;<\/p>\n<p>Sebasti\u00e1n Gaxiola, director de la organizaci\u00f3n Cultura Bike M\u00e9xico, destac\u00f3 que esta labor busca generar conciencia sobre la importancia de la visibilidad y el respeto entre quienes comparten las calles.<\/p>\n<p>&nbsp;<\/p>\n<p>La iniciativa es posible gracias a la participaci\u00f3n solidaria de ciclistas organizados de municipios como Navojoa, Ciudad Obreg\u00f3n, Huatabampo, Poblado Miguel Alem\u00e1n y Nogales, quienes de manera desinteresada entregan estos dispositivos a usuarios de la bicicleta como medio de transporte.<\/p>\n<p>&nbsp;<\/p>\n<p>El programa promueve una verdadera Cultura Bike basada en el cumplimiento de los reglamentos de tr\u00e1nsito, la prevenci\u00f3n de accidentes y la convivencia responsable entre automovilistas, peatones y ciclistas, en beneficio de todas y todos.<\/p>\n","protected":false},"excerpt":{"rendered":"<p>Cultura Bike M\u00e9xico mantiene activa la campa\u00f1a permanente de donaci\u00f3n de luces reflejantes para ciclistas en Sonora, mediante el programa \u201cUna Luz Para Tu Vida Ciclista\u201d, con el objetivo de fortalecer la seguridad vial y reducir riesgos en la v\u00eda p\u00fablica. &nbsp; Sebasti\u00e1n Gaxiola, director de la organizaci\u00f3n Cultura Bike M\u00e9xico, destac\u00f3 que esta labor [&hellip;]<\/p>\n","protected":false},"author":2,"featured_media":244573,"comment_status":"closed","ping_status":"closed","sticky":false,"template":"","format":"standard","meta":{"footnotes":""},"categories":[12870,178],"tags":[12865,12869],"class_list":["post-244572","post","type-post","status-publish","format-standard","has-post-thumbnail","hentry","category-destacadas","category-local","tag-destacadas","tag-local"],"jetpack_featured_media_url":"https:\/\/rnoticias.com.mx\/Portal\/wp-content\/uploads\/2026\/02\/WhatsApp-Image-2026-02-09-at-2.58.23-PM.jpeg","amp_enabled":true,"_links":{"self":[{"href":"https:\/\/rnoticias.com.mx\/Portal\/wp-json\/wp\/v2\/posts\/244572","targetHints":{"allow":["GET"]}}],"collection":[{"href":"https:\/\/rnoticias.com.mx\/Portal\/wp-json\/wp\/v2\/posts"}],"about":[{"href":"https:\/\/rnoticias.com.mx\/Portal\/wp-json\/wp\/v2\/types\/post"}],"author":[{"embeddable":true,"href":"https:\/\/rnoticias.com.mx\/Portal\/wp-json\/wp\/v2\/users\/2"}],"replies":[{"embeddable":true,"href":"https:\/\/rnoticias.com.mx\/Portal\/wp-json\/wp\/v2\/comments?post=244572"}],"version-history":[{"count":1,"href":"https:\/\/rnoticias.com.mx\/Portal\/wp-json\/wp\/v2\/posts\/244572\/revisions"}],"predecessor-version":[{"id":244574,"href":"https:\/\/rnoticias.com.mx\/Portal\/wp-json\/wp\/v2\/posts\/244572\/revisions\/244574"}],"wp:featuredmedia":[{"embeddable":true,"href":"https:\/\/rnoticias.com.mx\/Portal\/wp-json\/wp\/v2\/media\/244573"}],"wp:attachment":[{"href":"https:\/\/rnoticias.com.mx\/Portal\/wp-json\/wp\/v2\/media?parent=244572"}],"wp:term":[{"taxonomy":"category","embeddable":true,"href":"https:\/\/rnoticias.com.mx\/Portal\/wp-json\/wp\/v2\/categories?post=244572"},{"taxonomy":"post_tag","embeddable":true,"href":"https:\/\/rnoticias.com.mx\/Portal\/wp-json\/wp\/v2\/tags?post=244572"}],"curies":[{"name":"wp","href":"https:\/\/api.w.org\/{rel}","templated":true}]}}