{"id":244569,"date":"2026-02-09T15:32:58","date_gmt":"2026-02-09T22:32:58","guid":{"rendered":"https:\/\/rnoticias.com.mx\/Portal\/?p=244569"},"modified":"2026-02-09T15:32:58","modified_gmt":"2026-02-09T22:32:58","slug":"se-esperan-lluvias-en-este-inicio-de-semana-especialmente-en-el-sur-y-oriente-de-sonora-conagua","status":"publish","type":"post","link":"https:\/\/rnoticias.com.mx\/Portal\/2026\/02\/09\/se-esperan-lluvias-en-este-inicio-de-semana-especialmente-en-el-sur-y-oriente-de-sonora-conagua\/","title":{"rendered":"Se esperan lluvias en este inicio de semana especialmente en el sur y oriente de Sonora: Conagua"},"content":{"rendered":"<p>El inicio de semana en Sonora estar\u00e1 marcado por condiciones inestables debido a la presencia de tres fen\u00f3menos meteorol\u00f3gicos que afectan al noroeste del pa\u00eds, inform\u00f3 la Comisi\u00f3n Nacional del Agua (Conagua).<\/p>\n<p>&nbsp;<\/p>\n<p>Gilberto Lagarda V\u00e1zquez, especialista t\u00e9cnico de Conagua, dio a conocer que estas condiciones se formar\u00e1n debido a la presencia de una circulaci\u00f3n cicl\u00f3nica en niveles altos y una corriente en chorro subtropical, los cuales van a generar abundante nubosidad en gran parte del estado.<\/p>\n<p>\u201cEstos nublados van a crear un potencial de lluvia alta, sobre todo para la\u00a0parte sur y oriente del Estado, estamos hablando de alrededor de un 60% de posibilidades de lluvias\u00a0ligeras a moderadas con algunas fuertes puntuales para esta regi\u00f3n del Estado y para el centro\u00a0se esperan, hay un potencial, mejor dicho, de alrededor de un 30 a 40% de lluvias ligeras o\u00a0lloviznas dispersas para esta zona\u201d, coment\u00f3.<\/p>\n<p>&nbsp;<\/p>\n<p>Abund\u00f3, que las lluvias se concentrar\u00e1n entre lunes y martes, acompa\u00f1adas de vientos con rachas de 40 a 60 kil\u00f3metros por hora y un ligero descenso en las temperaturas. Para el mi\u00e9rcoles se esperan condiciones m\u00e1s estables, con cielo mayormente despejado y sin precipitaciones.<\/p>\n<p>&nbsp;<\/p>\n","protected":false},"excerpt":{"rendered":"<p>El inicio de semana en Sonora estar\u00e1 marcado por condiciones inestables debido a la presencia de tres fen\u00f3menos meteorol\u00f3gicos que afectan al noroeste del pa\u00eds, inform\u00f3 la Comisi\u00f3n Nacional del Agua (Conagua). &nbsp; Gilberto Lagarda V\u00e1zquez, especialista t\u00e9cnico de Conagua, dio a conocer que estas condiciones se formar\u00e1n debido a la presencia de una circulaci\u00f3n [&hellip;]<\/p>\n","protected":false},"author":2,"featured_media":244570,"comment_status":"closed","ping_status":"closed","sticky":false,"template":"","format":"standard","meta":{"footnotes":""},"categories":[12870,174],"tags":[12865,12873],"class_list":["post-244569","post","type-post","status-publish","format-standard","has-post-thumbnail","hentry","category-destacadas","category-estatal","tag-destacadas","tag-estatal"],"jetpack_featured_media_url":"https:\/\/rnoticias.com.mx\/Portal\/wp-content\/uploads\/2026\/02\/53ff96e5-8438-476f-867b-01321627d595.jpeg","amp_enabled":true,"_links":{"self":[{"href":"https:\/\/rnoticias.com.mx\/Portal\/wp-json\/wp\/v2\/posts\/244569","targetHints":{"allow":["GET"]}}],"collection":[{"href":"https:\/\/rnoticias.com.mx\/Portal\/wp-json\/wp\/v2\/posts"}],"about":[{"href":"https:\/\/rnoticias.com.mx\/Portal\/wp-json\/wp\/v2\/types\/post"}],"author":[{"embeddable":true,"href":"https:\/\/rnoticias.com.mx\/Portal\/wp-json\/wp\/v2\/users\/2"}],"replies":[{"embeddable":true,"href":"https:\/\/rnoticias.com.mx\/Portal\/wp-json\/wp\/v2\/comments?post=244569"}],"version-history":[{"count":1,"href":"https:\/\/rnoticias.com.mx\/Portal\/wp-json\/wp\/v2\/posts\/244569\/revisions"}],"predecessor-version":[{"id":244571,"href":"https:\/\/rnoticias.com.mx\/Portal\/wp-json\/wp\/v2\/posts\/244569\/revisions\/244571"}],"wp:featuredmedia":[{"embeddable":true,"href":"https:\/\/rnoticias.com.mx\/Portal\/wp-json\/wp\/v2\/media\/244570"}],"wp:attachment":[{"href":"https:\/\/rnoticias.com.mx\/Portal\/wp-json\/wp\/v2\/media?parent=244569"}],"wp:term":[{"taxonomy":"category","embeddable":true,"href":"https:\/\/rnoticias.com.mx\/Portal\/wp-json\/wp\/v2\/categories?post=244569"},{"taxonomy":"post_tag","embeddable":true,"href":"https:\/\/rnoticias.com.mx\/Portal\/wp-json\/wp\/v2\/tags?post=244569"}],"curies":[{"name":"wp","href":"https:\/\/api.w.org\/{rel}","templated":true}]}}