{"id":244546,"date":"2026-02-09T09:14:43","date_gmt":"2026-02-09T16:14:43","guid":{"rendered":"https:\/\/rnoticias.com.mx\/Portal\/?p=244546"},"modified":"2026-02-09T09:14:43","modified_gmt":"2026-02-09T16:14:43","slug":"ramon-flores-robles-fortalece-dialogo-con-sectores-productivos-y-comunidades-de-guaymas-y-cajeme","status":"publish","type":"post","link":"https:\/\/rnoticias.com.mx\/Portal\/2026\/02\/09\/ramon-flores-robles-fortalece-dialogo-con-sectores-productivos-y-comunidades-de-guaymas-y-cajeme\/","title":{"rendered":"Ram\u00f3n Flores Robles fortalece di\u00e1logo con sectores productivos y comunidades de Guaymas y Cajeme"},"content":{"rendered":"<p data-start=\"102\" data-end=\"419\">Guaymas, Sonora.\u2014 Como parte de sus actividades del s\u00e1bado 7 y domingo 8 de febrero, el diputado federal por el Partido del Trabajo (PT), Ram\u00f3n Flores Robles, sostuvo encuentros con pescadores, representantes del sector comercial y comunidades rurales, refrendando su compromiso de mantenerse cercano a la ciudadan\u00eda.<\/p>\n<p data-start=\"421\" data-end=\"835\">El domingo 8 de febrero atendi\u00f3 una reuni\u00f3n con pescadores ribere\u00f1os y de cooperativas en la comunidad de La Cantera, Guaymas, a invitaci\u00f3n de Randy M\u00e1rquez. En el encuentro, donde participaron los regidores Selene Ram\u00edrez y Many N\u00fa\u00f1ez, se escucharon peticiones y se plantearon gestiones relacionadas con el equipamiento necesario para fortalecer la actividad pesquera, considerada clave para la econom\u00eda regional.<\/p>\n<p data-start=\"837\" data-end=\"1135\">Asimismo, sostuvo una reuni\u00f3n con Julio Saldate, presidente de CANACO Guaymas, Empalme y San Carlos, y Claudia Covian, directora de la C\u00e1mara, acompa\u00f1ados por delegados, para dialogar sobre la importancia de la coordinaci\u00f3n entre comercio, servicios y turismo como motores del desarrollo econ\u00f3mico.<\/p>\n<p data-start=\"1137\" data-end=\"1387\">Como parte de su agenda territorial, Flores Robles realiz\u00f3 un recorrido por comunidades del Valle de Guaymas, visitando ejidos como Talayote, Graciano S\u00e1nchez, Ortiz y Chorizo, donde se acord\u00f3 llevar jornadas m\u00e9dicas y continuar la gesti\u00f3n de apoyos.<\/p>\n<p data-start=\"1389\" data-end=\"1549\" data-is-last-node=\"\" data-is-only-node=\"\">Finalmente, acompa\u00f1\u00f3 la Asamblea Informativa y Toma de Protesta de Comit\u00e9s del PT en Cajeme, destacando la organizaci\u00f3n y fortaleza del partido en el municipio.<\/p>\n","protected":false},"excerpt":{"rendered":"<p>Guaymas, Sonora.\u2014 Como parte de sus actividades del s\u00e1bado 7 y domingo 8 de febrero, el diputado federal por el Partido del Trabajo (PT), Ram\u00f3n Flores Robles, sostuvo encuentros con pescadores, representantes del sector comercial y comunidades rurales, refrendando su compromiso de mantenerse cercano a la ciudadan\u00eda. El domingo 8 de febrero atendi\u00f3 una reuni\u00f3n [&hellip;]<\/p>\n","protected":false},"author":2,"featured_media":244547,"comment_status":"closed","ping_status":"closed","sticky":false,"template":"","format":"standard","meta":{"footnotes":""},"categories":[12870,12868],"tags":[12865,12879],"class_list":["post-244546","post","type-post","status-publish","format-standard","has-post-thumbnail","hentry","category-destacadas","category-politica","tag-destacadas","tag-politica"],"jetpack_featured_media_url":"https:\/\/rnoticias.com.mx\/Portal\/wp-content\/uploads\/2026\/02\/WhatsApp-Image-20d26-02-09-at-8.07.43-AM.jpeg","amp_enabled":true,"_links":{"self":[{"href":"https:\/\/rnoticias.com.mx\/Portal\/wp-json\/wp\/v2\/posts\/244546","targetHints":{"allow":["GET"]}}],"collection":[{"href":"https:\/\/rnoticias.com.mx\/Portal\/wp-json\/wp\/v2\/posts"}],"about":[{"href":"https:\/\/rnoticias.com.mx\/Portal\/wp-json\/wp\/v2\/types\/post"}],"author":[{"embeddable":true,"href":"https:\/\/rnoticias.com.mx\/Portal\/wp-json\/wp\/v2\/users\/2"}],"replies":[{"embeddable":true,"href":"https:\/\/rnoticias.com.mx\/Portal\/wp-json\/wp\/v2\/comments?post=244546"}],"version-history":[{"count":2,"href":"https:\/\/rnoticias.com.mx\/Portal\/wp-json\/wp\/v2\/posts\/244546\/revisions"}],"predecessor-version":[{"id":244549,"href":"https:\/\/rnoticias.com.mx\/Portal\/wp-json\/wp\/v2\/posts\/244546\/revisions\/244549"}],"wp:featuredmedia":[{"embeddable":true,"href":"https:\/\/rnoticias.com.mx\/Portal\/wp-json\/wp\/v2\/media\/244547"}],"wp:attachment":[{"href":"https:\/\/rnoticias.com.mx\/Portal\/wp-json\/wp\/v2\/media?parent=244546"}],"wp:term":[{"taxonomy":"category","embeddable":true,"href":"https:\/\/rnoticias.com.mx\/Portal\/wp-json\/wp\/v2\/categories?post=244546"},{"taxonomy":"post_tag","embeddable":true,"href":"https:\/\/rnoticias.com.mx\/Portal\/wp-json\/wp\/v2\/tags?post=244546"}],"curies":[{"name":"wp","href":"https:\/\/api.w.org\/{rel}","templated":true}]}}