{"id":244386,"date":"2026-02-06T20:17:05","date_gmt":"2026-02-07T03:17:05","guid":{"rendered":"https:\/\/rnoticias.com.mx\/Portal\/?p=244386"},"modified":"2026-02-06T20:17:05","modified_gmt":"2026-02-07T03:17:05","slug":"obtiene-fgjes-otra-vinculacion-a-proceso-por-desaparicion-de-rafael-gaspar-en-san-luis-rio-colorado","status":"publish","type":"post","link":"https:\/\/rnoticias.com.mx\/Portal\/2026\/02\/06\/obtiene-fgjes-otra-vinculacion-a-proceso-por-desaparicion-de-rafael-gaspar-en-san-luis-rio-colorado\/","title":{"rendered":"Obtiene FGJES otra vinculaci\u00f3n a proceso por desaparici\u00f3n de Rafael Gaspar en San Luis R\u00edo Colorado"},"content":{"rendered":"<p>San Luis R\u00edo Colorado, Sonora, 6 de febrero de 2026.- La Fiscal\u00eda General de Justicia del Estado de Sonora (FGJES) obtuvo la vinculaci\u00f3n a proceso de Rams\u00e9s Alejandro \u201cN\u201d, de 38 a\u00f1os, por los delitos de desaparici\u00f3n cometida por particulares y asociaci\u00f3n delictuosa, en agravio de Rafael Gaspar \u201cN\u201d, hechos suscitados en febrero de 2023 en San Luis R\u00edo Colorado.<\/p>\n<p>Durante la audiencia de ejecuci\u00f3n de orden de aprehensi\u00f3n, el Agente del Ministerio P\u00fablico formul\u00f3 imputaci\u00f3n, y el Juez resolvi\u00f3 vincular a proceso al imputado, imponiendo la medida cautelar de prisi\u00f3n preventiva justificada, adem\u00e1s de otorgar un plazo de dos meses para el cierre de la investigaci\u00f3n complementaria.<\/p>\n<p>Cabe se\u00f1alar que por los mismos hechos, Alexis \u201cN\u201d, alias \u201cEl Furcio\u201d, otro probable responsable, ya fue detenido previamente por la Agencia Ministerial de Investigaci\u00f3n Criminal (AMIC), y vinculado a proceso, dentro de la misma causa penal.<\/p>\n<p>Las investigaciones establecen que los hechos ocurrieron entre la noche del 5 de febrero y la tarde del 7 de febrero de 2023, en un domicilio ubicado en la colonia Industrial, en San Luis R\u00edo Colorado, donde el imputado, en compa\u00f1\u00eda de diversos coautores, mediante violencia f\u00edsica, priv\u00f3 de la libertad a Rafael Gaspar \u201cN\u201d.<\/p>\n<p>La v\u00edctima fue introducida contra su voluntad a la vivienda, donde lo amordazaron y mantuvieron retenido, desconoci\u00e9ndose hasta el momento su paradero, como parte de las actividades de una banda organizada para delinquir.<\/p>\n<p>Rams\u00e9s Alejandro \u201cN\u201d fue capturado el pasado 2 de febrero en la colonia Campestre, mediante operativo conjunto en el que participaron elementos de la AMIC, Polic\u00eda Estatal de Seguridad P\u00fablica (PESP) y Polic\u00eda Municipal, en cumplimiento de una orden de aprehensi\u00f3n.<\/p>\n<p>La Fiscal\u00eda General de Justicia del Estado de Sonora mantiene l\u00edneas de investigaci\u00f3n activas para el esclarecimiento total de los hechos y la localizaci\u00f3n de la v\u00edctima, reafirmando su compromiso con el combate a los delitos de alto impacto, la verdad jur\u00eddica y la protecci\u00f3n de las v\u00edctimas.<\/p>\n","protected":false},"excerpt":{"rendered":"<p>San Luis R\u00edo Colorado, Sonora, 6 de febrero de 2026.- La Fiscal\u00eda General de Justicia del Estado de Sonora (FGJES) obtuvo la vinculaci\u00f3n a proceso de Rams\u00e9s Alejandro \u201cN\u201d, de 38 a\u00f1os, por los delitos de desaparici\u00f3n cometida por particulares y asociaci\u00f3n delictuosa, en agravio de Rafael Gaspar \u201cN\u201d, hechos suscitados en febrero de 2023 [&hellip;]<\/p>\n","protected":false},"author":2,"featured_media":244387,"comment_status":"closed","ping_status":"closed","sticky":false,"template":"","format":"standard","meta":{"footnotes":""},"categories":[12870,174],"tags":[12865,12873],"class_list":["post-244386","post","type-post","status-publish","format-standard","has-post-thumbnail","hentry","category-destacadas","category-estatal","tag-destacadas","tag-estatal"],"jetpack_featured_media_url":"https:\/\/rnoticias.com.mx\/Portal\/wp-content\/uploads\/2026\/02\/87-1.jpg","amp_enabled":true,"_links":{"self":[{"href":"https:\/\/rnoticias.com.mx\/Portal\/wp-json\/wp\/v2\/posts\/244386","targetHints":{"allow":["GET"]}}],"collection":[{"href":"https:\/\/rnoticias.com.mx\/Portal\/wp-json\/wp\/v2\/posts"}],"about":[{"href":"https:\/\/rnoticias.com.mx\/Portal\/wp-json\/wp\/v2\/types\/post"}],"author":[{"embeddable":true,"href":"https:\/\/rnoticias.com.mx\/Portal\/wp-json\/wp\/v2\/users\/2"}],"replies":[{"embeddable":true,"href":"https:\/\/rnoticias.com.mx\/Portal\/wp-json\/wp\/v2\/comments?post=244386"}],"version-history":[{"count":1,"href":"https:\/\/rnoticias.com.mx\/Portal\/wp-json\/wp\/v2\/posts\/244386\/revisions"}],"predecessor-version":[{"id":244388,"href":"https:\/\/rnoticias.com.mx\/Portal\/wp-json\/wp\/v2\/posts\/244386\/revisions\/244388"}],"wp:featuredmedia":[{"embeddable":true,"href":"https:\/\/rnoticias.com.mx\/Portal\/wp-json\/wp\/v2\/media\/244387"}],"wp:attachment":[{"href":"https:\/\/rnoticias.com.mx\/Portal\/wp-json\/wp\/v2\/media?parent=244386"}],"wp:term":[{"taxonomy":"category","embeddable":true,"href":"https:\/\/rnoticias.com.mx\/Portal\/wp-json\/wp\/v2\/categories?post=244386"},{"taxonomy":"post_tag","embeddable":true,"href":"https:\/\/rnoticias.com.mx\/Portal\/wp-json\/wp\/v2\/tags?post=244386"}],"curies":[{"name":"wp","href":"https:\/\/api.w.org\/{rel}","templated":true}]}}