{"id":244383,"date":"2026-02-06T20:16:11","date_gmt":"2026-02-07T03:16:11","guid":{"rendered":"https:\/\/rnoticias.com.mx\/Portal\/?p=244383"},"modified":"2026-02-06T20:16:11","modified_gmt":"2026-02-07T03:16:11","slug":"fgjes-obtiene-vinculacion-a-proceso-contra-dos-personas-por-delitos-cometidos-en-magdalena-de-kino","status":"publish","type":"post","link":"https:\/\/rnoticias.com.mx\/Portal\/2026\/02\/06\/fgjes-obtiene-vinculacion-a-proceso-contra-dos-personas-por-delitos-cometidos-en-magdalena-de-kino\/","title":{"rendered":"FGJES obtiene vinculaci\u00f3n a proceso contra dos personas por delitos cometidos en Magdalena de Kino"},"content":{"rendered":"<p>Magdalena de Kino, Sonora, 6 de febrero de 2026.\u2013 La Fiscal\u00eda General de Justicia del Estado de Sonora (FGJES) informa que obtuvo auto de vinculaci\u00f3n a proceso en contra de Jos\u00e9 Rub\u00e9n \u201cN\u201d y Claudia Janeth \u201cN\u201d, por su probable responsabilidad en los delitos de robo con violencia en las cosas en casa habitaci\u00f3n, cometido de noche y por dos o m\u00e1s personas, as\u00ed como por posesi\u00f3n de droga en Magdalena de Kino.<\/p>\n<p>De acuerdo con la investigaci\u00f3n ministerial, los hechos ocurrieron el 27 de enero de 2026, cuando los imputados fueron localizados en la v\u00eda p\u00fablica en la colonia Lomas de Kino, encontr\u00e1ndoles drogas; adem\u00e1s, se estableci\u00f3 que horas antes ingresaron sin autorizaci\u00f3n a un domicilio de la colonia F\u00e1tima, donde causaron da\u00f1os al inmueble y sustrajeron diversos objetos, en perjuicio de la v\u00edctima.<\/p>\n<p>La FGJES refrenda su compromiso con la persecuci\u00f3n de los delitos y la protecci\u00f3n del patrimonio de los sonorenses.<\/p>\n","protected":false},"excerpt":{"rendered":"<p>Magdalena de Kino, Sonora, 6 de febrero de 2026.\u2013 La Fiscal\u00eda General de Justicia del Estado de Sonora (FGJES) informa que obtuvo auto de vinculaci\u00f3n a proceso en contra de Jos\u00e9 Rub\u00e9n \u201cN\u201d y Claudia Janeth \u201cN\u201d, por su probable responsabilidad en los delitos de robo con violencia en las cosas en casa habitaci\u00f3n, cometido [&hellip;]<\/p>\n","protected":false},"author":2,"featured_media":244384,"comment_status":"closed","ping_status":"closed","sticky":false,"template":"","format":"standard","meta":{"footnotes":""},"categories":[12870,174],"tags":[12865,12873],"class_list":["post-244383","post","type-post","status-publish","format-standard","has-post-thumbnail","hentry","category-destacadas","category-estatal","tag-destacadas","tag-estatal"],"jetpack_featured_media_url":"https:\/\/rnoticias.com.mx\/Portal\/wp-content\/uploads\/2026\/02\/238-1.jpg","amp_enabled":true,"_links":{"self":[{"href":"https:\/\/rnoticias.com.mx\/Portal\/wp-json\/wp\/v2\/posts\/244383","targetHints":{"allow":["GET"]}}],"collection":[{"href":"https:\/\/rnoticias.com.mx\/Portal\/wp-json\/wp\/v2\/posts"}],"about":[{"href":"https:\/\/rnoticias.com.mx\/Portal\/wp-json\/wp\/v2\/types\/post"}],"author":[{"embeddable":true,"href":"https:\/\/rnoticias.com.mx\/Portal\/wp-json\/wp\/v2\/users\/2"}],"replies":[{"embeddable":true,"href":"https:\/\/rnoticias.com.mx\/Portal\/wp-json\/wp\/v2\/comments?post=244383"}],"version-history":[{"count":1,"href":"https:\/\/rnoticias.com.mx\/Portal\/wp-json\/wp\/v2\/posts\/244383\/revisions"}],"predecessor-version":[{"id":244385,"href":"https:\/\/rnoticias.com.mx\/Portal\/wp-json\/wp\/v2\/posts\/244383\/revisions\/244385"}],"wp:featuredmedia":[{"embeddable":true,"href":"https:\/\/rnoticias.com.mx\/Portal\/wp-json\/wp\/v2\/media\/244384"}],"wp:attachment":[{"href":"https:\/\/rnoticias.com.mx\/Portal\/wp-json\/wp\/v2\/media?parent=244383"}],"wp:term":[{"taxonomy":"category","embeddable":true,"href":"https:\/\/rnoticias.com.mx\/Portal\/wp-json\/wp\/v2\/categories?post=244383"},{"taxonomy":"post_tag","embeddable":true,"href":"https:\/\/rnoticias.com.mx\/Portal\/wp-json\/wp\/v2\/tags?post=244383"}],"curies":[{"name":"wp","href":"https:\/\/api.w.org\/{rel}","templated":true}]}}