{"id":244356,"date":"2026-02-06T20:01:36","date_gmt":"2026-02-07T03:01:36","guid":{"rendered":"https:\/\/rnoticias.com.mx\/Portal\/?p=244356"},"modified":"2026-02-06T20:01:36","modified_gmt":"2026-02-07T03:01:36","slug":"hallaron-cuerpo-con-caracteristicas-de-uno-de-los-mineros","status":"publish","type":"post","link":"https:\/\/rnoticias.com.mx\/Portal\/2026\/02\/06\/hallaron-cuerpo-con-caracteristicas-de-uno-de-los-mineros\/","title":{"rendered":"Hallaron cuerpo con caracter\u00edsticas de uno de los mineros"},"content":{"rendered":"<div>\n<div>\n<p>La Fiscal\u00eda General de la Rep\u00fablica (FGR) dio a conocer que durante los operativos de b\u00fasqueda en La Concordia, en Sinaloa, se han encontrado cuerpos de personas, entre los que hay uno que podr\u00eda ser de uno de los mineros desaparecidos.<\/p>\n<p>La dependencia se\u00f1al\u00f3 que junto al Gabinete de Seguridad se han realizado diversas diligencias que han llevado al hallazgo de restos humanos, por lo que se procedi\u00f3 a realizar los trabajos de identificaci\u00f3n.<\/p>\n<p>\u201cComo resultado de dichas actuaciones, (\u2026) fue posible establecer que uno de los cuerpos localizados cuenta con caracter\u00edsticas similares a una de las personas reportadas como desaparecidas por lo que se realizan los trabajos respectivos para confirmar su identidad\u201d, se\u00f1alaron en el comunicado.<\/p>\n<p>Del mismo modo, resaltaron que las cuatro personas detenidas conforme a las investigaciones fueron puestas a disposici\u00f3n de la autoridad correspondiente.<\/p>\n<p>&nbsp;<\/p>\n<p><center><\/center>&nbsp;<\/p>\n<p>&nbsp;<\/p>\n<\/div>\n<\/div>\n<div class=\"row\"><\/div>\n","protected":false},"excerpt":{"rendered":"<p>La Fiscal\u00eda General de la Rep\u00fablica (FGR) dio a conocer que durante los operativos de b\u00fasqueda en La Concordia, en Sinaloa, se han encontrado cuerpos de personas, entre los que hay uno que podr\u00eda ser de uno de los mineros desaparecidos. La dependencia se\u00f1al\u00f3 que junto al Gabinete de Seguridad se han realizado diversas diligencias [&hellip;]<\/p>\n","protected":false},"author":2,"featured_media":244357,"comment_status":"closed","ping_status":"closed","sticky":false,"template":"","format":"standard","meta":{"footnotes":""},"categories":[12870,172],"tags":[12865,12874],"class_list":["post-244356","post","type-post","status-publish","format-standard","has-post-thumbnail","hentry","category-destacadas","category-nacional","tag-destacadas","tag-nacional"],"jetpack_featured_media_url":"https:\/\/rnoticias.com.mx\/Portal\/wp-content\/uploads\/2026\/02\/dos_personajes_1.jpg_1889316708.webp","amp_enabled":true,"_links":{"self":[{"href":"https:\/\/rnoticias.com.mx\/Portal\/wp-json\/wp\/v2\/posts\/244356","targetHints":{"allow":["GET"]}}],"collection":[{"href":"https:\/\/rnoticias.com.mx\/Portal\/wp-json\/wp\/v2\/posts"}],"about":[{"href":"https:\/\/rnoticias.com.mx\/Portal\/wp-json\/wp\/v2\/types\/post"}],"author":[{"embeddable":true,"href":"https:\/\/rnoticias.com.mx\/Portal\/wp-json\/wp\/v2\/users\/2"}],"replies":[{"embeddable":true,"href":"https:\/\/rnoticias.com.mx\/Portal\/wp-json\/wp\/v2\/comments?post=244356"}],"version-history":[{"count":1,"href":"https:\/\/rnoticias.com.mx\/Portal\/wp-json\/wp\/v2\/posts\/244356\/revisions"}],"predecessor-version":[{"id":244358,"href":"https:\/\/rnoticias.com.mx\/Portal\/wp-json\/wp\/v2\/posts\/244356\/revisions\/244358"}],"wp:featuredmedia":[{"embeddable":true,"href":"https:\/\/rnoticias.com.mx\/Portal\/wp-json\/wp\/v2\/media\/244357"}],"wp:attachment":[{"href":"https:\/\/rnoticias.com.mx\/Portal\/wp-json\/wp\/v2\/media?parent=244356"}],"wp:term":[{"taxonomy":"category","embeddable":true,"href":"https:\/\/rnoticias.com.mx\/Portal\/wp-json\/wp\/v2\/categories?post=244356"},{"taxonomy":"post_tag","embeddable":true,"href":"https:\/\/rnoticias.com.mx\/Portal\/wp-json\/wp\/v2\/tags?post=244356"}],"curies":[{"name":"wp","href":"https:\/\/api.w.org\/{rel}","templated":true}]}}