{"id":244347,"date":"2026-02-06T19:53:20","date_gmt":"2026-02-07T02:53:20","guid":{"rendered":"https:\/\/rnoticias.com.mx\/Portal\/?p=244347"},"modified":"2026-02-06T19:53:20","modified_gmt":"2026-02-07T02:53:20","slug":"drones-refuerzan-vigilancia-y-detenciones-en-cajeme","status":"publish","type":"post","link":"https:\/\/rnoticias.com.mx\/Portal\/2026\/02\/06\/drones-refuerzan-vigilancia-y-detenciones-en-cajeme\/","title":{"rendered":"Drones refuerzan vigilancia y detenciones en Cajeme"},"content":{"rendered":"<p>La estrategia de vigilancia con drones se ha integrado de manera operativa en los distintos sectores, comisar\u00edas y delegaciones de Cajeme, lo que ha permitido fortalecer las labores de seguridad y apoyar en la detenci\u00f3n de personas involucradas en delitos tanto del fuero com\u00fan como del fuero federal.<\/p>\n<p>&nbsp;<\/p>\n<p>El secretario de Seguridad P\u00fablica de Cajeme, Claudio Cruz Hern\u00e1ndez, inform\u00f3 que estos dispositivos han demostrado ser una herramienta clave para la respuesta policial, por lo que se busca ampliar su cobertura.<\/p>\n<p>&nbsp;<\/p>\n<p>\u201cTenemos nueve, considerando el que tenemos todav\u00eda en el C2, pero m\u00e1s sin embargo tenemos que tener esa capacidad de respuesta operativa\u00a0en cuesti\u00f3n de lo que ser\u00eda la vigilancia con los drones\u201d, declar\u00f3.<\/p>\n<p>&nbsp;<\/p>\n<p>Detall\u00f3 que la meta es disponer de dos drones por cada uno de los seis sectores en que se divide la ciudad, con el fin de mejorar la capacidad de vigilancia a\u00e9rea.<\/p>\n<p>&nbsp;<\/p>\n<p>Indic\u00f3 que en lo que va de 2026 se han registrado m\u00e1s de 100 detenciones como resultado del trabajo coordinado entre la Polic\u00eda Municipal y los tres \u00f3rdenes de gobierno.<\/p>\n<p>&nbsp;<\/p>\n","protected":false},"excerpt":{"rendered":"<p>La estrategia de vigilancia con drones se ha integrado de manera operativa en los distintos sectores, comisar\u00edas y delegaciones de Cajeme, lo que ha permitido fortalecer las labores de seguridad y apoyar en la detenci\u00f3n de personas involucradas en delitos tanto del fuero com\u00fan como del fuero federal. &nbsp; El secretario de Seguridad P\u00fablica de [&hellip;]<\/p>\n","protected":false},"author":2,"featured_media":244348,"comment_status":"closed","ping_status":"closed","sticky":false,"template":"","format":"standard","meta":{"footnotes":""},"categories":[12870,174],"tags":[12865,12873],"class_list":["post-244347","post","type-post","status-publish","format-standard","has-post-thumbnail","hentry","category-destacadas","category-estatal","tag-destacadas","tag-estatal"],"jetpack_featured_media_url":"https:\/\/rnoticias.com.mx\/Portal\/wp-content\/uploads\/2026\/02\/62095-20260206154859-1.jpg","amp_enabled":true,"_links":{"self":[{"href":"https:\/\/rnoticias.com.mx\/Portal\/wp-json\/wp\/v2\/posts\/244347","targetHints":{"allow":["GET"]}}],"collection":[{"href":"https:\/\/rnoticias.com.mx\/Portal\/wp-json\/wp\/v2\/posts"}],"about":[{"href":"https:\/\/rnoticias.com.mx\/Portal\/wp-json\/wp\/v2\/types\/post"}],"author":[{"embeddable":true,"href":"https:\/\/rnoticias.com.mx\/Portal\/wp-json\/wp\/v2\/users\/2"}],"replies":[{"embeddable":true,"href":"https:\/\/rnoticias.com.mx\/Portal\/wp-json\/wp\/v2\/comments?post=244347"}],"version-history":[{"count":1,"href":"https:\/\/rnoticias.com.mx\/Portal\/wp-json\/wp\/v2\/posts\/244347\/revisions"}],"predecessor-version":[{"id":244349,"href":"https:\/\/rnoticias.com.mx\/Portal\/wp-json\/wp\/v2\/posts\/244347\/revisions\/244349"}],"wp:featuredmedia":[{"embeddable":true,"href":"https:\/\/rnoticias.com.mx\/Portal\/wp-json\/wp\/v2\/media\/244348"}],"wp:attachment":[{"href":"https:\/\/rnoticias.com.mx\/Portal\/wp-json\/wp\/v2\/media?parent=244347"}],"wp:term":[{"taxonomy":"category","embeddable":true,"href":"https:\/\/rnoticias.com.mx\/Portal\/wp-json\/wp\/v2\/categories?post=244347"},{"taxonomy":"post_tag","embeddable":true,"href":"https:\/\/rnoticias.com.mx\/Portal\/wp-json\/wp\/v2\/tags?post=244347"}],"curies":[{"name":"wp","href":"https:\/\/api.w.org\/{rel}","templated":true}]}}