{"id":244332,"date":"2026-02-06T19:27:40","date_gmt":"2026-02-07T02:27:40","guid":{"rendered":"https:\/\/rnoticias.com.mx\/Portal\/?p=244332"},"modified":"2026-02-06T19:27:40","modified_gmt":"2026-02-07T02:27:40","slug":"cajeme-como-vamos-impulsara-acciones-juridicas-para-ampliar-investigacion-por-presuntas-omisiones-en-el-ayuntamiento-de-cajeme","status":"publish","type":"post","link":"https:\/\/rnoticias.com.mx\/Portal\/2026\/02\/06\/cajeme-como-vamos-impulsara-acciones-juridicas-para-ampliar-investigacion-por-presuntas-omisiones-en-el-ayuntamiento-de-cajeme\/","title":{"rendered":"Cajeme C\u00f3mo Vamos impulsar\u00e1 acciones jur\u00eddicas para ampliar investigaci\u00f3n por presuntas omisiones en el Ayuntamiento de Cajeme."},"content":{"rendered":"<p>Cajeme C\u00f3mo Vamos inform\u00f3 que emprender\u00e1 acciones jur\u00eddicas con el objetivo de que se analice de manera completa la denuncia presentada ante la Unidad de Responsabilidades Administrativas (URA) del Ayuntamiento de Cajeme, y que, en caso de detectarse m\u00e1s servidores p\u00fablicos involucrados, se proceda conforme a la ley.<\/p>\n<p>&nbsp;<\/p>\n<p data-start=\"568\" data-end=\"924\">Marco Polanco, director jur\u00eddico de Cajeme C\u00f3mo Vamos, explic\u00f3 que la organizaci\u00f3n fue notificada sobre la conclusi\u00f3n de la etapa de investigaci\u00f3n, en la cual la autoridad determin\u00f3 como presuntos responsables de faltas graves al director de Presupuesto y Gasto P\u00fablico municipal, as\u00ed como a su esposa y suegros, por el otorgamiento de contratos y pedidos.<\/p>\n<p data-start=\"926\" data-end=\"1465\" data-is-last-node=\"\" data-is-only-node=\"\">\n<p data-start=\"926\" data-end=\"1465\" data-is-last-node=\"\" data-is-only-node=\"\">&#8220;Aunque la resoluci\u00f3n representa un precedente, la URA no analiz\u00f3 la totalidad de los hechos denunciados, pues varios pedidos no fueron revisados y tampoco se estudiaron posibles omisiones en los controles internos, como las atribuidas al Comit\u00e9 de Compras y a la Contralor\u00eda Municipal&#8221;, detall\u00f3.<\/p>\n<p data-start=\"926\" data-end=\"1465\" data-is-last-node=\"\" data-is-only-node=\"\">\n<p data-start=\"926\" data-end=\"1465\" data-is-last-node=\"\" data-is-only-node=\"\">Por ello, enfatiz\u00f3, la asociaci\u00f3n civil buscar\u00e1 que se ampl\u00ede la investigaci\u00f3n y se finquen responsabilidades adicionales, de confirmarse irregularidades, con el fin de fortalecer la legalidad y la rendici\u00f3n de cuentas en el uso de recursos p\u00fablicos.<\/p>\n","protected":false},"excerpt":{"rendered":"<p>Cajeme C\u00f3mo Vamos inform\u00f3 que emprender\u00e1 acciones jur\u00eddicas con el objetivo de que se analice de manera completa la denuncia presentada ante la Unidad de Responsabilidades Administrativas (URA) del Ayuntamiento de Cajeme, y que, en caso de detectarse m\u00e1s servidores p\u00fablicos involucrados, se proceda conforme a la ley. &nbsp; Marco Polanco, director jur\u00eddico de Cajeme [&hellip;]<\/p>\n","protected":false},"author":2,"featured_media":244333,"comment_status":"closed","ping_status":"closed","sticky":false,"template":"","format":"standard","meta":{"footnotes":""},"categories":[12870,174],"tags":[12865,12873],"class_list":["post-244332","post","type-post","status-publish","format-standard","has-post-thumbnail","hentry","category-destacadas","category-estatal","tag-destacadas","tag-estatal"],"jetpack_featured_media_url":"https:\/\/rnoticias.com.mx\/Portal\/wp-content\/uploads\/2026\/02\/denuncias1-46430919-focus-0-0-373-267.webp","amp_enabled":true,"_links":{"self":[{"href":"https:\/\/rnoticias.com.mx\/Portal\/wp-json\/wp\/v2\/posts\/244332","targetHints":{"allow":["GET"]}}],"collection":[{"href":"https:\/\/rnoticias.com.mx\/Portal\/wp-json\/wp\/v2\/posts"}],"about":[{"href":"https:\/\/rnoticias.com.mx\/Portal\/wp-json\/wp\/v2\/types\/post"}],"author":[{"embeddable":true,"href":"https:\/\/rnoticias.com.mx\/Portal\/wp-json\/wp\/v2\/users\/2"}],"replies":[{"embeddable":true,"href":"https:\/\/rnoticias.com.mx\/Portal\/wp-json\/wp\/v2\/comments?post=244332"}],"version-history":[{"count":1,"href":"https:\/\/rnoticias.com.mx\/Portal\/wp-json\/wp\/v2\/posts\/244332\/revisions"}],"predecessor-version":[{"id":244334,"href":"https:\/\/rnoticias.com.mx\/Portal\/wp-json\/wp\/v2\/posts\/244332\/revisions\/244334"}],"wp:featuredmedia":[{"embeddable":true,"href":"https:\/\/rnoticias.com.mx\/Portal\/wp-json\/wp\/v2\/media\/244333"}],"wp:attachment":[{"href":"https:\/\/rnoticias.com.mx\/Portal\/wp-json\/wp\/v2\/media?parent=244332"}],"wp:term":[{"taxonomy":"category","embeddable":true,"href":"https:\/\/rnoticias.com.mx\/Portal\/wp-json\/wp\/v2\/categories?post=244332"},{"taxonomy":"post_tag","embeddable":true,"href":"https:\/\/rnoticias.com.mx\/Portal\/wp-json\/wp\/v2\/tags?post=244332"}],"curies":[{"name":"wp","href":"https:\/\/api.w.org\/{rel}","templated":true}]}}