{"id":244315,"date":"2026-02-06T16:19:51","date_gmt":"2026-02-06T23:19:51","guid":{"rendered":"https:\/\/rnoticias.com.mx\/Portal\/?p=244315"},"modified":"2026-02-06T16:19:51","modified_gmt":"2026-02-06T23:19:51","slug":"alumno-de-unisierra-realiza-estancia-profesional-en-el-principal-cluster-minero-de-cobre-del-mundo-gobierno-de-sonora","status":"publish","type":"post","link":"https:\/\/rnoticias.com.mx\/Portal\/2026\/02\/06\/alumno-de-unisierra-realiza-estancia-profesional-en-el-principal-cluster-minero-de-cobre-del-mundo-gobierno-de-sonora\/","title":{"rendered":"Alumno de Unisierra realiza estancia profesional en el principal cl\u00faster minero de cobre del mundo: Gobierno de Sonora"},"content":{"rendered":"<p>Moctezuma, Sonora; 6 de febrero de 2026.\u2013 Jes\u00fas Tadeo Y\u00e1nez Boj\u00f3rquez, estudiante de la carrera de Ingenier\u00eda Industrial en Productividad y Calidad de la Universidad de la Sierra (Unisierra), realiz\u00f3 una estancia profesional y formativa en el complejo industrial Molynor, filial del Grupo Chileno Molymet, referente internacional en la industria metal\u00fargica.<\/p>\n<p>Esta experiencia, impulsada por el Gobierno de Sonora para la formaci\u00f3n del alumnado con una visi\u00f3n global, se convirti\u00f3 en un espacio de aprendizaje aplicado, donde se desarrollaron y utilizaron gemelos digitales, una tecnolog\u00eda de vanguardia que hoy forma parte de los modelos educativos m\u00e1s innovadores en ingenier\u00eda y ciencias aplicadas.<\/p>\n<p>Juan Carlos Avil\u00e9s Miranda, rector de Unisierra, refrend\u00f3 la vocaci\u00f3n educativa de la instituci\u00f3n mediante la generaci\u00f3n de oportunidades para que los universitarios participen y aprendan en contextos globales que les permitan transferir conocimiento a su comunidad y contribuir al desarrollo sostenible de Sonora.<\/p>\n<p>A\u00f1adi\u00f3 que el trabajo de Y\u00e1nez Boj\u00f3rquez permiti\u00f3 que el conocimiento adquirido en las aulas de la instituci\u00f3n se integrara directamente con los desaf\u00edos reales de uno de los centros minero-metal\u00fargicos m\u00e1s relevantes del mundo.<\/p>\n<p>\u201cEsta estancia internacional no solo fortaleci\u00f3 competencias t\u00e9cnicas, sino que tambi\u00e9n impuls\u00f3 habilidades anal\u00edticas, pensamiento cr\u00edtico y una comprensi\u00f3n profunda de los procesos industriales contempor\u00e1neos\u201d, coment\u00f3.<\/p>\n<p>Cada experiencia internacional de sus estudiantes y docentes ampl\u00eda el horizonte acad\u00e9mico de la Universidad, consolidando su misi\u00f3n de tejer puentes entre la educaci\u00f3n, la ciencia, la tecnolog\u00eda y el desarrollo humano, siempre al servicio de la sociedad.<\/p>\n","protected":false},"excerpt":{"rendered":"<p>Moctezuma, Sonora; 6 de febrero de 2026.\u2013 Jes\u00fas Tadeo Y\u00e1nez Boj\u00f3rquez, estudiante de la carrera de Ingenier\u00eda Industrial en Productividad y Calidad de la Universidad de la Sierra (Unisierra), realiz\u00f3 una estancia profesional y formativa en el complejo industrial Molynor, filial del Grupo Chileno Molymet, referente internacional en la industria metal\u00fargica. Esta experiencia, impulsada por [&hellip;]<\/p>\n","protected":false},"author":2,"featured_media":244316,"comment_status":"closed","ping_status":"closed","sticky":false,"template":"","format":"standard","meta":{"footnotes":""},"categories":[12870,174],"tags":[12865,12873],"class_list":["post-244315","post","type-post","status-publish","format-standard","has-post-thumbnail","hentry","category-destacadas","category-estatal","tag-destacadas","tag-estatal"],"jetpack_featured_media_url":"https:\/\/rnoticias.com.mx\/Portal\/wp-content\/uploads\/2026\/02\/25.jpg","amp_enabled":true,"_links":{"self":[{"href":"https:\/\/rnoticias.com.mx\/Portal\/wp-json\/wp\/v2\/posts\/244315","targetHints":{"allow":["GET"]}}],"collection":[{"href":"https:\/\/rnoticias.com.mx\/Portal\/wp-json\/wp\/v2\/posts"}],"about":[{"href":"https:\/\/rnoticias.com.mx\/Portal\/wp-json\/wp\/v2\/types\/post"}],"author":[{"embeddable":true,"href":"https:\/\/rnoticias.com.mx\/Portal\/wp-json\/wp\/v2\/users\/2"}],"replies":[{"embeddable":true,"href":"https:\/\/rnoticias.com.mx\/Portal\/wp-json\/wp\/v2\/comments?post=244315"}],"version-history":[{"count":1,"href":"https:\/\/rnoticias.com.mx\/Portal\/wp-json\/wp\/v2\/posts\/244315\/revisions"}],"predecessor-version":[{"id":244317,"href":"https:\/\/rnoticias.com.mx\/Portal\/wp-json\/wp\/v2\/posts\/244315\/revisions\/244317"}],"wp:featuredmedia":[{"embeddable":true,"href":"https:\/\/rnoticias.com.mx\/Portal\/wp-json\/wp\/v2\/media\/244316"}],"wp:attachment":[{"href":"https:\/\/rnoticias.com.mx\/Portal\/wp-json\/wp\/v2\/media?parent=244315"}],"wp:term":[{"taxonomy":"category","embeddable":true,"href":"https:\/\/rnoticias.com.mx\/Portal\/wp-json\/wp\/v2\/categories?post=244315"},{"taxonomy":"post_tag","embeddable":true,"href":"https:\/\/rnoticias.com.mx\/Portal\/wp-json\/wp\/v2\/tags?post=244315"}],"curies":[{"name":"wp","href":"https:\/\/api.w.org\/{rel}","templated":true}]}}