{"id":244293,"date":"2026-02-06T12:42:14","date_gmt":"2026-02-06T19:42:14","guid":{"rendered":"https:\/\/rnoticias.com.mx\/Portal\/?p=244293"},"modified":"2026-02-06T12:42:14","modified_gmt":"2026-02-06T19:42:14","slug":"fortalece-gobierno-de-sonora-la-orientacion-vocacional-de-estudiantes-de-preparatoria-utguaymas","status":"publish","type":"post","link":"https:\/\/rnoticias.com.mx\/Portal\/2026\/02\/06\/fortalece-gobierno-de-sonora-la-orientacion-vocacional-de-estudiantes-de-preparatoria-utguaymas\/","title":{"rendered":"Fortalece Gobierno de Sonora la orientaci\u00f3n vocacional de estudiantes de preparatoria: UTGuaymas"},"content":{"rendered":"<p>Guaymas, Sonora; 6 de febrero de 2026.\u2013 Con el objetivo de fortalecer la orientaci\u00f3n vocacional en las Instituciones de Educaci\u00f3n Media Superior (IEMS) y contribuir a la correcta toma de decisiones de las y los estudiantes de nivel preparatoria, se llev\u00f3 a cabo la Reuni\u00f3n de Orientadores de las IEMS, como parte de las acciones impulsadas por el Gobierno de Sonora para promover trayectorias educativas exitosas.<\/p>\n<p>Durante el encuentro, realizado en la Universidad Tecnol\u00f3gica de Guaymas (UTG), se destac\u00f3 la importancia de la orientaci\u00f3n vocacional como una herramienta clave para que las y los j\u00f3venes identifiquen sus intereses, habilidades y aptitudes, permiti\u00e9ndoles construir un proyecto de vida que favorezca su \u00e9xito profesional y una adecuada incorporaci\u00f3n al sector productivo.<\/p>\n<p>El rector de la UTG, David Guillermo Pintor Hern\u00e1ndez, resalt\u00f3 que entre las ventajas competitivas de estudiar en la UTG se encuentran las carreras tecnol\u00f3gicas de alta demanda laboral, la doble titulaci\u00f3n, el modelo educativo biling\u00fce, internacional y sostenible, as\u00ed como las certificaciones con validez oficial y programas de movilidad internacional, que fortalecen la preparaci\u00f3n de las y los estudiantes para un entorno global.<\/p>\n<p>Asimismo, destac\u00f3 que la UTG impulsa un modelo educativo enfocado en el desarrollo de competencias tecnol\u00f3gicas, dominio de idiomas y formaci\u00f3n integral. Durante el encuentro, se present\u00f3 la oferta educativa de la universidad como una opci\u00f3n de formaci\u00f3n tecnol\u00f3gica alineada a las necesidades actuales del desarrollo industrial y productivo de la regi\u00f3n.<\/p>\n<p>La instituci\u00f3n inform\u00f3 que el ingreso al ciclo escolar 2026\u20132027 se encuentra disponible, con proceso de admisi\u00f3n del 9 de febrero al 16 de julio y la inscripci\u00f3n abierta a trav\u00e9s de la plataforma institucional\u00a0<a href=\"http:\/\/www.utguaymas.edu.mx\/\" target=\"_blank\" rel=\"noopener\" data-saferedirecturl=\"https:\/\/www.google.com\/url?q=http:\/\/www.utguaymas.edu.mx&amp;source=gmail&amp;ust=1770492293614000&amp;usg=AOvVaw0dotJ2Hyx5xVlW-vh4mpOr\">www.utguaymas.edu.mx<\/a>, adem\u00e1s de ofrecer los costos m\u00e1s accesibles de la regi\u00f3n, facilitando el acceso a la educaci\u00f3n superior.<\/p>\n<p>Actualmente, la oferta educativa de la UTG est\u00e1 conformada por cuatro programas acad\u00e9micos dise\u00f1ados de acuerdo con el crecimiento del sector productivo regional, lo que favorece la colocaci\u00f3n laboral de sus egresados: Ingenier\u00eda en Mecatr\u00f3nica, Ingenier\u00eda en Manufactura Aeron\u00e1utica, Ingenier\u00eda Industrial y Licenciatura en Administraci\u00f3n. Todas las carreras cuentan con especialidades en T\u00e9cnico Superior Universitario (TSU).<\/p>\n","protected":false},"excerpt":{"rendered":"<p>Guaymas, Sonora; 6 de febrero de 2026.\u2013 Con el objetivo de fortalecer la orientaci\u00f3n vocacional en las Instituciones de Educaci\u00f3n Media Superior (IEMS) y contribuir a la correcta toma de decisiones de las y los estudiantes de nivel preparatoria, se llev\u00f3 a cabo la Reuni\u00f3n de Orientadores de las IEMS, como parte de las acciones [&hellip;]<\/p>\n","protected":false},"author":2,"featured_media":244294,"comment_status":"closed","ping_status":"closed","sticky":false,"template":"","format":"standard","meta":{"footnotes":""},"categories":[12870,174],"tags":[12865,12873],"class_list":["post-244293","post","type-post","status-publish","format-standard","has-post-thumbnail","hentry","category-destacadas","category-estatal","tag-destacadas","tag-estatal"],"jetpack_featured_media_url":"https:\/\/rnoticias.com.mx\/Portal\/wp-content\/uploads\/2026\/02\/unnamed-18.jpg","amp_enabled":true,"_links":{"self":[{"href":"https:\/\/rnoticias.com.mx\/Portal\/wp-json\/wp\/v2\/posts\/244293","targetHints":{"allow":["GET"]}}],"collection":[{"href":"https:\/\/rnoticias.com.mx\/Portal\/wp-json\/wp\/v2\/posts"}],"about":[{"href":"https:\/\/rnoticias.com.mx\/Portal\/wp-json\/wp\/v2\/types\/post"}],"author":[{"embeddable":true,"href":"https:\/\/rnoticias.com.mx\/Portal\/wp-json\/wp\/v2\/users\/2"}],"replies":[{"embeddable":true,"href":"https:\/\/rnoticias.com.mx\/Portal\/wp-json\/wp\/v2\/comments?post=244293"}],"version-history":[{"count":1,"href":"https:\/\/rnoticias.com.mx\/Portal\/wp-json\/wp\/v2\/posts\/244293\/revisions"}],"predecessor-version":[{"id":244295,"href":"https:\/\/rnoticias.com.mx\/Portal\/wp-json\/wp\/v2\/posts\/244293\/revisions\/244295"}],"wp:featuredmedia":[{"embeddable":true,"href":"https:\/\/rnoticias.com.mx\/Portal\/wp-json\/wp\/v2\/media\/244294"}],"wp:attachment":[{"href":"https:\/\/rnoticias.com.mx\/Portal\/wp-json\/wp\/v2\/media?parent=244293"}],"wp:term":[{"taxonomy":"category","embeddable":true,"href":"https:\/\/rnoticias.com.mx\/Portal\/wp-json\/wp\/v2\/categories?post=244293"},{"taxonomy":"post_tag","embeddable":true,"href":"https:\/\/rnoticias.com.mx\/Portal\/wp-json\/wp\/v2\/tags?post=244293"}],"curies":[{"name":"wp","href":"https:\/\/api.w.org\/{rel}","templated":true}]}}