{"id":244258,"date":"2026-02-05T19:58:54","date_gmt":"2026-02-06T02:58:54","guid":{"rendered":"https:\/\/rnoticias.com.mx\/Portal\/?p=244258"},"modified":"2026-02-05T19:58:54","modified_gmt":"2026-02-06T02:58:54","slug":"sader-sonora-redobla-esfuerzos-para-avanzar-con-el-pago-del-programa-de-precios-de-garantia-al-trigo-panificable","status":"publish","type":"post","link":"https:\/\/rnoticias.com.mx\/Portal\/2026\/02\/05\/sader-sonora-redobla-esfuerzos-para-avanzar-con-el-pago-del-programa-de-precios-de-garantia-al-trigo-panificable\/","title":{"rendered":"SADER Sonora redobla esfuerzos para avanzar con el pago del Programa de Precios de Garant\u00eda al trigo panificable"},"content":{"rendered":"<p>La Secretar\u00eda de Agricultura y Desarrollo Rural (SADER) en Sonora informa que el Programa de Precios de Garant\u00eda a Productos Alimentarios B\u00e1sicos para el cultivo de trigo panificable, ciclo agr\u00edcola 2024\u20132025, presenta al 5 de febrero un avance del 38 por ciento en la dispersi\u00f3n de apoyos en el estado.<\/p>\n<p>A la fecha, se han realizado pagos a 640 productores, de un total de 1,678, y el programa contempla como objetivo atender una superficie total de 28 mil 935 hect\u00e1reas destinadas a la producci\u00f3n de trigo panificable.<\/p>\n<p>Al momento, el monto dispersado asciende a 146 millones 728 mil pesos, de un total programado de 388 millones 700 mil pesos, conforme al esquema operativo del programa.<\/p>\n<p>La SADER en Sonora mantiene un trabajo continuo para asegurar que los recursos lleguen de manera ordenada, segura y transparente a las y los productores, garantizando que la totalidad de los pagos sean emitidos a m\u00e1s tardar el 28 de febrero de 2026, adelantando el plazo que inicialmente se ten\u00eda previsto para la primera quincena de marzo, como resultado del fortalecimiento operativo y el redoble de esfuerzos de la Secretar\u00eda en el estado.<\/p>\n<p>La dependencia informa que el proceso avanza con certeza y sostenibilidad, por lo que se hace un llamado a las y los productores a mantener la confianza, ya que los apoyos est\u00e1n asegurados y contin\u00faan fluyendo conforme a lo establecido.<\/p>\n<p>La Secretar\u00eda de Agricultura y Desarrollo Rural refrenda su compromiso con el campo sonorense y con el cumplimiento puntual de los programas federales de apoyo a la producci\u00f3n agr\u00edcola.<\/p>\n","protected":false},"excerpt":{"rendered":"<p>La Secretar\u00eda de Agricultura y Desarrollo Rural (SADER) en Sonora informa que el Programa de Precios de Garant\u00eda a Productos Alimentarios B\u00e1sicos para el cultivo de trigo panificable, ciclo agr\u00edcola 2024\u20132025, presenta al 5 de febrero un avance del 38 por ciento en la dispersi\u00f3n de apoyos en el estado. A la fecha, se han [&hellip;]<\/p>\n","protected":false},"author":2,"featured_media":244259,"comment_status":"closed","ping_status":"closed","sticky":false,"template":"","format":"standard","meta":{"footnotes":""},"categories":[12870,174],"tags":[12865,12873],"class_list":["post-244258","post","type-post","status-publish","format-standard","has-post-thumbnail","hentry","category-destacadas","category-estatal","tag-destacadas","tag-estatal"],"jetpack_featured_media_url":"https:\/\/rnoticias.com.mx\/Portal\/wp-content\/uploads\/2026\/02\/WhatsApp-Image-2026-02-05-at-10.53.39-AM4.jpeg","amp_enabled":true,"_links":{"self":[{"href":"https:\/\/rnoticias.com.mx\/Portal\/wp-json\/wp\/v2\/posts\/244258","targetHints":{"allow":["GET"]}}],"collection":[{"href":"https:\/\/rnoticias.com.mx\/Portal\/wp-json\/wp\/v2\/posts"}],"about":[{"href":"https:\/\/rnoticias.com.mx\/Portal\/wp-json\/wp\/v2\/types\/post"}],"author":[{"embeddable":true,"href":"https:\/\/rnoticias.com.mx\/Portal\/wp-json\/wp\/v2\/users\/2"}],"replies":[{"embeddable":true,"href":"https:\/\/rnoticias.com.mx\/Portal\/wp-json\/wp\/v2\/comments?post=244258"}],"version-history":[{"count":1,"href":"https:\/\/rnoticias.com.mx\/Portal\/wp-json\/wp\/v2\/posts\/244258\/revisions"}],"predecessor-version":[{"id":244260,"href":"https:\/\/rnoticias.com.mx\/Portal\/wp-json\/wp\/v2\/posts\/244258\/revisions\/244260"}],"wp:featuredmedia":[{"embeddable":true,"href":"https:\/\/rnoticias.com.mx\/Portal\/wp-json\/wp\/v2\/media\/244259"}],"wp:attachment":[{"href":"https:\/\/rnoticias.com.mx\/Portal\/wp-json\/wp\/v2\/media?parent=244258"}],"wp:term":[{"taxonomy":"category","embeddable":true,"href":"https:\/\/rnoticias.com.mx\/Portal\/wp-json\/wp\/v2\/categories?post=244258"},{"taxonomy":"post_tag","embeddable":true,"href":"https:\/\/rnoticias.com.mx\/Portal\/wp-json\/wp\/v2\/tags?post=244258"}],"curies":[{"name":"wp","href":"https:\/\/api.w.org\/{rel}","templated":true}]}}