{"id":244240,"date":"2026-02-05T19:50:29","date_gmt":"2026-02-06T02:50:29","guid":{"rendered":"https:\/\/rnoticias.com.mx\/Portal\/?p=244240"},"modified":"2026-02-05T19:50:29","modified_gmt":"2026-02-06T02:50:29","slug":"fgjes-obtiene-vinculacion-a-proceso-contra-sujeto-por-el-delito-de-tentativa-de-feminicidio-en-nogales","status":"publish","type":"post","link":"https:\/\/rnoticias.com.mx\/Portal\/2026\/02\/05\/fgjes-obtiene-vinculacion-a-proceso-contra-sujeto-por-el-delito-de-tentativa-de-feminicidio-en-nogales\/","title":{"rendered":"FGJES obtiene vinculaci\u00f3n a proceso contra sujeto por el delito de tentativa de feminicidio en Nogales"},"content":{"rendered":"<p>Nogales, Sonora, 5 de febrero de 2026.- La Fiscal\u00eda General de Justicia del Estado de Sonora (FGJES) informa que se llev\u00f3 a cabo audiencia de control de detenci\u00f3n en contra de Gamaliel \u201cN\u201d, por su probable responsabilidad en el delito de tentativa de feminicidio cometido en agravio de su madre y hermana en Nogales.<\/p>\n<p>De acuerdo con los datos de prueba expuestos por el Ministerio P\u00fablico, el 24 de enero de 2026, en un domicilio en la colonia Altamira, el imputado agredi\u00f3 f\u00edsica y verbalmente a su madre y a su hermana, profiriendo insultos y amenazas de muerte.<\/p>\n<p>As\u00ed mismo, se estableci\u00f3 que les propin\u00f3 golpes y las arrastr\u00f3, conductas que constituyen actos de violencia extrema y que vulneraron su derecho humano a vivir una vida libre de violencia.<\/p>\n<p>En la audiencia correspondiente, el Juez calific\u00f3 de legal la detenci\u00f3n, se formul\u00f3 imputaci\u00f3n y se resolvi\u00f3 la vinculaci\u00f3n a proceso; adem\u00e1s, se impuso como medida cautelar la prisi\u00f3n preventiva justificada, en atenci\u00f3n a la naturaleza del delito, el riesgo para las v\u00edctimas y la necesidad de salvaguardar el adecuado desarrollo del proceso penal.<\/p>\n<p>La Fiscal\u00eda General de Justicia del Estado de Sonora refrenda su compromiso con la procuraci\u00f3n de justicia, la protecci\u00f3n de las v\u00edctimas y el combate frontal a los delitos cometidos en contra de las mujeres, actuando con estricto apego a la legalidad y perspectiva de g\u00e9nero.<\/p>\n","protected":false},"excerpt":{"rendered":"<p>Nogales, Sonora, 5 de febrero de 2026.- La Fiscal\u00eda General de Justicia del Estado de Sonora (FGJES) informa que se llev\u00f3 a cabo audiencia de control de detenci\u00f3n en contra de Gamaliel \u201cN\u201d, por su probable responsabilidad en el delito de tentativa de feminicidio cometido en agravio de su madre y hermana en Nogales. De [&hellip;]<\/p>\n","protected":false},"author":2,"featured_media":244241,"comment_status":"closed","ping_status":"closed","sticky":false,"template":"","format":"standard","meta":{"footnotes":""},"categories":[174],"tags":[12873],"class_list":["post-244240","post","type-post","status-publish","format-standard","has-post-thumbnail","hentry","category-estatal","tag-estatal"],"jetpack_featured_media_url":"https:\/\/rnoticias.com.mx\/Portal\/wp-content\/uploads\/2026\/02\/8743.jpg","amp_enabled":true,"_links":{"self":[{"href":"https:\/\/rnoticias.com.mx\/Portal\/wp-json\/wp\/v2\/posts\/244240","targetHints":{"allow":["GET"]}}],"collection":[{"href":"https:\/\/rnoticias.com.mx\/Portal\/wp-json\/wp\/v2\/posts"}],"about":[{"href":"https:\/\/rnoticias.com.mx\/Portal\/wp-json\/wp\/v2\/types\/post"}],"author":[{"embeddable":true,"href":"https:\/\/rnoticias.com.mx\/Portal\/wp-json\/wp\/v2\/users\/2"}],"replies":[{"embeddable":true,"href":"https:\/\/rnoticias.com.mx\/Portal\/wp-json\/wp\/v2\/comments?post=244240"}],"version-history":[{"count":1,"href":"https:\/\/rnoticias.com.mx\/Portal\/wp-json\/wp\/v2\/posts\/244240\/revisions"}],"predecessor-version":[{"id":244242,"href":"https:\/\/rnoticias.com.mx\/Portal\/wp-json\/wp\/v2\/posts\/244240\/revisions\/244242"}],"wp:featuredmedia":[{"embeddable":true,"href":"https:\/\/rnoticias.com.mx\/Portal\/wp-json\/wp\/v2\/media\/244241"}],"wp:attachment":[{"href":"https:\/\/rnoticias.com.mx\/Portal\/wp-json\/wp\/v2\/media?parent=244240"}],"wp:term":[{"taxonomy":"category","embeddable":true,"href":"https:\/\/rnoticias.com.mx\/Portal\/wp-json\/wp\/v2\/categories?post=244240"},{"taxonomy":"post_tag","embeddable":true,"href":"https:\/\/rnoticias.com.mx\/Portal\/wp-json\/wp\/v2\/tags?post=244240"}],"curies":[{"name":"wp","href":"https:\/\/api.w.org\/{rel}","templated":true}]}}