{"id":244186,"date":"2026-02-05T17:42:09","date_gmt":"2026-02-06T00:42:09","guid":{"rendered":"https:\/\/rnoticias.com.mx\/Portal\/?p=244186"},"modified":"2026-02-05T17:42:09","modified_gmt":"2026-02-06T00:42:09","slug":"staus-plantea-esquema-salarial-escalonado-ante-revision-contractual","status":"publish","type":"post","link":"https:\/\/rnoticias.com.mx\/Portal\/2026\/02\/05\/staus-plantea-esquema-salarial-escalonado-ante-revision-contractual\/","title":{"rendered":"STAUS plantea esquema salarial escalonado ante revisi\u00f3n contractual"},"content":{"rendered":"<p>Hermosillo, Sonora. En el marco de la revisi\u00f3n contractual, el Sindicato de Trabajadores Acad\u00e9micos de la Universidad de Sonora (STAUS) present\u00f3 a Rector\u00eda su pliego petitorio, en el que destaca la demanda de mejoras salariales para el personal docente de la instituci\u00f3n.<\/p>\n<p>&nbsp;<\/p>\n<p>Cuauht\u00e9moc Nieblas, secretario general del STAUS, detall\u00f3 que la propuesta central contempla un incremento del 10.8 por ciento al salario, con efecto retroactivo al 1 de enero del presente a\u00f1o.<\/p>\n<p>&nbsp;<\/p>\n<p>\u201cNo obstante, en el sindicato dejamos abierta la posibilidad de una alternativa a largo plazo, consistentes en un aumento del 7 por ciento anual hasta el a\u00f1o 2030, ajustado a la inflaci\u00f3n\u201d, afirm\u00f3.<\/p>\n<p>&nbsp;<\/p>\n<p>Explic\u00f3, que tambi\u00e9n se solicita un incremento adicional del 2 por ciento para acad\u00e9micos que laboran en los campus de Santa Ana, Cajeme, Hermosillo y Navojoa, como parte de un proceso de rezonificaci\u00f3n.<\/p>\n<p>&nbsp;<\/p>\n<p>De la misma forma, detall\u00f3 que en algunos municipios ya se reconoce la categor\u00eda de \u201czona cara\u201d, por lo que se busca extender ese beneficio.<\/p>\n<p>&nbsp;<\/p>\n<p>\u201cEl pliego incluye la petici\u00f3n de aumentar el apoyo para transporte, as\u00ed como atender la situaci\u00f3n de docentes que, al no contar con suficientes horas clase, pierden est\u00edmulos econ\u00f3micos e incluso el acceso al servicio m\u00e9dico del Isssteson, al no alcanzar el salario m\u00ednimo establecido por la ley\u201d, culmin\u00f3.<\/p>\n","protected":false},"excerpt":{"rendered":"<p>Hermosillo, Sonora. En el marco de la revisi\u00f3n contractual, el Sindicato de Trabajadores Acad\u00e9micos de la Universidad de Sonora (STAUS) present\u00f3 a Rector\u00eda su pliego petitorio, en el que destaca la demanda de mejoras salariales para el personal docente de la instituci\u00f3n. &nbsp; Cuauht\u00e9moc Nieblas, secretario general del STAUS, detall\u00f3 que la propuesta central contempla [&hellip;]<\/p>\n","protected":false},"author":2,"featured_media":244187,"comment_status":"closed","ping_status":"closed","sticky":false,"template":"","format":"standard","meta":{"footnotes":""},"categories":[12870,178],"tags":[12865,12869],"class_list":["post-244186","post","type-post","status-publish","format-standard","has-post-thumbnail","hentry","category-destacadas","category-local","tag-destacadas","tag-local"],"jetpack_featured_media_url":"https:\/\/rnoticias.com.mx\/Portal\/wp-content\/uploads\/2026\/02\/WhatsApp-Image-2026-02-05-at-3.17.55-PM.jpeg","amp_enabled":true,"_links":{"self":[{"href":"https:\/\/rnoticias.com.mx\/Portal\/wp-json\/wp\/v2\/posts\/244186","targetHints":{"allow":["GET"]}}],"collection":[{"href":"https:\/\/rnoticias.com.mx\/Portal\/wp-json\/wp\/v2\/posts"}],"about":[{"href":"https:\/\/rnoticias.com.mx\/Portal\/wp-json\/wp\/v2\/types\/post"}],"author":[{"embeddable":true,"href":"https:\/\/rnoticias.com.mx\/Portal\/wp-json\/wp\/v2\/users\/2"}],"replies":[{"embeddable":true,"href":"https:\/\/rnoticias.com.mx\/Portal\/wp-json\/wp\/v2\/comments?post=244186"}],"version-history":[{"count":1,"href":"https:\/\/rnoticias.com.mx\/Portal\/wp-json\/wp\/v2\/posts\/244186\/revisions"}],"predecessor-version":[{"id":244188,"href":"https:\/\/rnoticias.com.mx\/Portal\/wp-json\/wp\/v2\/posts\/244186\/revisions\/244188"}],"wp:featuredmedia":[{"embeddable":true,"href":"https:\/\/rnoticias.com.mx\/Portal\/wp-json\/wp\/v2\/media\/244187"}],"wp:attachment":[{"href":"https:\/\/rnoticias.com.mx\/Portal\/wp-json\/wp\/v2\/media?parent=244186"}],"wp:term":[{"taxonomy":"category","embeddable":true,"href":"https:\/\/rnoticias.com.mx\/Portal\/wp-json\/wp\/v2\/categories?post=244186"},{"taxonomy":"post_tag","embeddable":true,"href":"https:\/\/rnoticias.com.mx\/Portal\/wp-json\/wp\/v2\/tags?post=244186"}],"curies":[{"name":"wp","href":"https:\/\/api.w.org\/{rel}","templated":true}]}}