{"id":244159,"date":"2026-02-05T17:15:20","date_gmt":"2026-02-06T00:15:20","guid":{"rendered":"https:\/\/rnoticias.com.mx\/Portal\/?p=244159"},"modified":"2026-02-05T17:15:20","modified_gmt":"2026-02-06T00:15:20","slug":"gobierno-de-sonora-invita-a-la-comunidad-a-disfrutar-un-fin-de-semana-de-actividades-en-el-bosque-urbano-la-sauceda","status":"publish","type":"post","link":"https:\/\/rnoticias.com.mx\/Portal\/2026\/02\/05\/gobierno-de-sonora-invita-a-la-comunidad-a-disfrutar-un-fin-de-semana-de-actividades-en-el-bosque-urbano-la-sauceda\/","title":{"rendered":"Gobierno de Sonora invita a la comunidad a disfrutar un fin de semana de actividades en el Bosque Urbano La Sauceda"},"content":{"rendered":"<p>Hermosillo, Sonora; 5 de febrero de 2026.\u2013 El Gobierno de Sonora invita a la comunidad a participar en las actividades programadas para este fin de semana en el Bosque Urbano La Sauceda, un espacio de encuentro que ofrece opciones culturales, educativas y recreativas dirigidas a personas de todas las edades.<\/p>\n<p>La programaci\u00f3n inicia el viernes 6 de febrero con la charla Econversando: \u201cHumedales, nuestra mejor defensa contra el cambio clim\u00e1tico\u201d, impartida por el bi\u00f3logo Jes\u00fas Salvador J\u00e1uregui Santacruz, a realizarse a las 19:00 horas en el Kiosco Central.<\/p>\n<p>El s\u00e1bado 7 de febrero, en el marco del D\u00eda Mundial de los Humedales, se llevar\u00e1 a cabo una jornada especial en el \u00e1rea del humedal del Bosque Urbano La Sauceda. Las actividades comenzar\u00e1n de 7:00 a 10:00 horas con la observaci\u00f3n de aves, seguida de la inauguraci\u00f3n del espacio a las 10:00 horas y un recorrido con stands educativos de 10:30 a 14:00 horas, con el objetivo de acercar a la comunidad a la importancia de estos ecosistemas a trav\u00e9s de informaci\u00f3n accesible y actividades abiertas al p\u00fablico.<\/p>\n<p>Asimismo, el s\u00e1bado por la tarde se llevar\u00e1 a cabo el evento \u201cLa prevenci\u00f3n es diversi\u00f3n\u201d, dirigido a ni\u00f1as, ni\u00f1os y familias, que promueve la cultura de la prevenci\u00f3n y la protecci\u00f3n civil mediante actividades l\u00fadicas. Este evento se realizar\u00e1 a las 18:00 horas en el foro al aire libre y contar\u00e1 con registro previo.<\/p>\n<p>A lo largo del fin de semana tambi\u00e9n se realizar\u00e1n talleres de cer\u00e1mica con cupo limitado, jornadas de conservaci\u00f3n y limpieza del bosque, un bazar cultural con propuestas art\u00edsticas y de emprendimiento local, as\u00ed como el Club de Lectura en el Kiosco Central.<\/p>\n<p>El domingo, las actividades contin\u00faan con una nueva jornada de conservaci\u00f3n y el tradicional Domingo Chill, que cerrar\u00e1 la programaci\u00f3n con una noche de metal con tributo a bandas como Iron Maiden y Judas Priest, como parte de la oferta cultural del espacio.<\/p>\n<p>Todas las actividades son de acceso gratuito y se llevan a cabo en el Bosque Urbano La Sauceda, un lugar donde el Gobierno de Sonora impulsa la convivencia, la cultura y la participaci\u00f3n comunitaria.<\/p>\n","protected":false},"excerpt":{"rendered":"<p>Hermosillo, Sonora; 5 de febrero de 2026.\u2013 El Gobierno de Sonora invita a la comunidad a participar en las actividades programadas para este fin de semana en el Bosque Urbano La Sauceda, un espacio de encuentro que ofrece opciones culturales, educativas y recreativas dirigidas a personas de todas las edades. La programaci\u00f3n inicia el viernes [&hellip;]<\/p>\n","protected":false},"author":2,"featured_media":244160,"comment_status":"closed","ping_status":"closed","sticky":false,"template":"","format":"standard","meta":{"footnotes":""},"categories":[12870,178],"tags":[12865,12869],"class_list":["post-244159","post","type-post","status-publish","format-standard","has-post-thumbnail","hentry","category-destacadas","category-local","tag-destacadas","tag-local"],"jetpack_featured_media_url":"https:\/\/rnoticias.com.mx\/Portal\/wp-content\/uploads\/2026\/02\/unnamed-3-3.jpg","amp_enabled":true,"_links":{"self":[{"href":"https:\/\/rnoticias.com.mx\/Portal\/wp-json\/wp\/v2\/posts\/244159","targetHints":{"allow":["GET"]}}],"collection":[{"href":"https:\/\/rnoticias.com.mx\/Portal\/wp-json\/wp\/v2\/posts"}],"about":[{"href":"https:\/\/rnoticias.com.mx\/Portal\/wp-json\/wp\/v2\/types\/post"}],"author":[{"embeddable":true,"href":"https:\/\/rnoticias.com.mx\/Portal\/wp-json\/wp\/v2\/users\/2"}],"replies":[{"embeddable":true,"href":"https:\/\/rnoticias.com.mx\/Portal\/wp-json\/wp\/v2\/comments?post=244159"}],"version-history":[{"count":1,"href":"https:\/\/rnoticias.com.mx\/Portal\/wp-json\/wp\/v2\/posts\/244159\/revisions"}],"predecessor-version":[{"id":244161,"href":"https:\/\/rnoticias.com.mx\/Portal\/wp-json\/wp\/v2\/posts\/244159\/revisions\/244161"}],"wp:featuredmedia":[{"embeddable":true,"href":"https:\/\/rnoticias.com.mx\/Portal\/wp-json\/wp\/v2\/media\/244160"}],"wp:attachment":[{"href":"https:\/\/rnoticias.com.mx\/Portal\/wp-json\/wp\/v2\/media?parent=244159"}],"wp:term":[{"taxonomy":"category","embeddable":true,"href":"https:\/\/rnoticias.com.mx\/Portal\/wp-json\/wp\/v2\/categories?post=244159"},{"taxonomy":"post_tag","embeddable":true,"href":"https:\/\/rnoticias.com.mx\/Portal\/wp-json\/wp\/v2\/tags?post=244159"}],"curies":[{"name":"wp","href":"https:\/\/api.w.org\/{rel}","templated":true}]}}