{"id":244002,"date":"2026-02-04T19:42:31","date_gmt":"2026-02-05T02:42:31","guid":{"rendered":"https:\/\/rnoticias.com.mx\/Portal\/?p=244002"},"modified":"2026-02-04T19:42:31","modified_gmt":"2026-02-05T02:42:31","slug":"exige-onu-busqueda-inmediata-de-ingeniero-desaparecido-en-sinaloa","status":"publish","type":"post","link":"https:\/\/rnoticias.com.mx\/Portal\/2026\/02\/04\/exige-onu-busqueda-inmediata-de-ingeniero-desaparecido-en-sinaloa\/","title":{"rendered":"Exige ONU b\u00fasqueda inmediata de ingeniero desaparecido en Sinaloa"},"content":{"rendered":"<p>A trav\u00e9s de la Acci\u00f3n Urgente 2220\/2026, la ONU pidi\u00f3 que se implementen medidas urgentes para dar con el paradero del joven de 26 a\u00f1os, originario de la Heroica Ciudad de Tlaxiaco, en la regi\u00f3n Mixteca de Oaxaca.<\/p>\n<p>De acuerdo con Maurilio Santiago Reyes, abogado y presidente del Centro de Derechos Humanos y Asesor\u00eda a Pueblos Ind\u00edgenas (Cedhapi), Pablo Osorio trabajaba para la empresa Cicar S. A. de C. V. y realizaba labores para una minera canadiense. El ingeniero desapareci\u00f3 el pasado 23 de enero, alrededor de las 7:30 de la ma\u00f1ana, cuando se encontraba en una parada de autobuses sobre la carretera que va de Durango a La Concordia.<\/p>\n<p>El joven fue enviado por el Instituto Tecnol\u00f3gico de Tlaxiaco a realizar su residencia profesional y posteriormente fue asignado como supervisor de t\u00faneles en una autopista cercana a Mazatl\u00e1n.<\/p>\n<p>La ONU pidi\u00f3 a las autoridades mexicanas crear un plan claro y r\u00e1pido para la b\u00fasqueda de Pablo Osorio y de las dem\u00e1s personas desaparecidas, adem\u00e1s de realizar una investigaci\u00f3n completa e imparcial, tomando en cuenta el contexto de violencia y la posible participaci\u00f3n de grupos del crimen organizado.<\/p>\n<p>Hasta el momento, autoridades han localizado algunas pertenencias que podr\u00edan corresponder a los trabajadores desaparecidos, tras reforzar los operativos en la zona de Concordia, Sinaloa.<\/p>\n","protected":false},"excerpt":{"rendered":"<p>A trav\u00e9s de la Acci\u00f3n Urgente 2220\/2026, la ONU pidi\u00f3 que se implementen medidas urgentes para dar con el paradero del joven de 26 a\u00f1os, originario de la Heroica Ciudad de Tlaxiaco, en la regi\u00f3n Mixteca de Oaxaca. De acuerdo con Maurilio Santiago Reyes, abogado y presidente del Centro de Derechos Humanos y Asesor\u00eda a [&hellip;]<\/p>\n","protected":false},"author":2,"featured_media":244003,"comment_status":"closed","ping_status":"closed","sticky":false,"template":"","format":"standard","meta":{"footnotes":""},"categories":[12870,172],"tags":[12865,12874],"class_list":["post-244002","post","type-post","status-publish","format-standard","has-post-thumbnail","hentry","category-destacadas","category-nacional","tag-destacadas","tag-nacional"],"jetpack_featured_media_url":"https:\/\/rnoticias.com.mx\/Portal\/wp-content\/uploads\/2026\/02\/pablo-osorio-sanchez-04022026.jpg","amp_enabled":true,"_links":{"self":[{"href":"https:\/\/rnoticias.com.mx\/Portal\/wp-json\/wp\/v2\/posts\/244002","targetHints":{"allow":["GET"]}}],"collection":[{"href":"https:\/\/rnoticias.com.mx\/Portal\/wp-json\/wp\/v2\/posts"}],"about":[{"href":"https:\/\/rnoticias.com.mx\/Portal\/wp-json\/wp\/v2\/types\/post"}],"author":[{"embeddable":true,"href":"https:\/\/rnoticias.com.mx\/Portal\/wp-json\/wp\/v2\/users\/2"}],"replies":[{"embeddable":true,"href":"https:\/\/rnoticias.com.mx\/Portal\/wp-json\/wp\/v2\/comments?post=244002"}],"version-history":[{"count":1,"href":"https:\/\/rnoticias.com.mx\/Portal\/wp-json\/wp\/v2\/posts\/244002\/revisions"}],"predecessor-version":[{"id":244004,"href":"https:\/\/rnoticias.com.mx\/Portal\/wp-json\/wp\/v2\/posts\/244002\/revisions\/244004"}],"wp:featuredmedia":[{"embeddable":true,"href":"https:\/\/rnoticias.com.mx\/Portal\/wp-json\/wp\/v2\/media\/244003"}],"wp:attachment":[{"href":"https:\/\/rnoticias.com.mx\/Portal\/wp-json\/wp\/v2\/media?parent=244002"}],"wp:term":[{"taxonomy":"category","embeddable":true,"href":"https:\/\/rnoticias.com.mx\/Portal\/wp-json\/wp\/v2\/categories?post=244002"},{"taxonomy":"post_tag","embeddable":true,"href":"https:\/\/rnoticias.com.mx\/Portal\/wp-json\/wp\/v2\/tags?post=244002"}],"curies":[{"name":"wp","href":"https:\/\/api.w.org\/{rel}","templated":true}]}}