{"id":243999,"date":"2026-02-04T19:41:33","date_gmt":"2026-02-05T02:41:33","guid":{"rendered":"https:\/\/rnoticias.com.mx\/Portal\/?p=243999"},"modified":"2026-02-04T19:41:33","modified_gmt":"2026-02-05T02:41:33","slug":"el-mini-lic-es-condenado-por-cinco-anos-de-prision-en-estados-unidos","status":"publish","type":"post","link":"https:\/\/rnoticias.com.mx\/Portal\/2026\/02\/04\/el-mini-lic-es-condenado-por-cinco-anos-de-prision-en-estados-unidos\/","title":{"rendered":"El &#8216;Mini Lic&#8217; es condenado por cinco a\u00f1os de prisi\u00f3n en Estados Unidos"},"content":{"rendered":"<p>El diario\u00a0The Washington Post, inform\u00f3 que el juez\u00a0Anthony Trenga, de la corte de distrito de Alexandria, en Virginia sentenci\u00f3 a\u00a0D\u00e1maso L\u00f3pez\u00a0Serrano, alias\u00a0<strong>el \u201cMini Lic\u201d,\u00a0<\/strong>a cinco a\u00f1os de prisi\u00f3n por intento de distribuci\u00f3n de fentanilo mientras\u00a0<strong>se encontraba bajo supervisi\u00f3n federal por una condena previa relacionada con tr\u00e1fico de drogas.<\/strong><\/p>\n<p><strong>Los registros indican que El Mini Lic fue capturado tras una operaci\u00f3n del Bur\u00f3 Federal de Investigaci\u00f3n<\/strong>\u00a0(FBI).<\/p>\n<p>Se trata de la sentencia m\u00ednima en contra del hombre, quien es buscado por<strong>\u00a0las autoridades mexicanas debido a que se le acusa de participar en el homicidio del periodista Javier Valdez.<\/strong>\u00a0 Cabe recordar que en mayo del a\u00f1o pasado surgieron reportes sobre la declaraci\u00f3n de culpabilidad del Mini Lic.<\/p>\n<p><strong>Cabe se\u00f1alar que la condena de cinco a\u00f1os por intento de trasiego de drogas la cumplir\u00e1 de manera paralela a su sentencia de tambi\u00e9n cinco a\u00f1os por violar su libertad supervisada.<\/strong><\/p>\n<p>&nbsp;<\/p>\n<p>Fuente: El Universal<\/p>\n","protected":false},"excerpt":{"rendered":"<p>El diario\u00a0The Washington Post, inform\u00f3 que el juez\u00a0Anthony Trenga, de la corte de distrito de Alexandria, en Virginia sentenci\u00f3 a\u00a0D\u00e1maso L\u00f3pez\u00a0Serrano, alias\u00a0el \u201cMini Lic\u201d,\u00a0a cinco a\u00f1os de prisi\u00f3n por intento de distribuci\u00f3n de fentanilo mientras\u00a0se encontraba bajo supervisi\u00f3n federal por una condena previa relacionada con tr\u00e1fico de drogas. Los registros indican que El Mini Lic [&hellip;]<\/p>\n","protected":false},"author":2,"featured_media":244000,"comment_status":"closed","ping_status":"closed","sticky":false,"template":"","format":"standard","meta":{"footnotes":""},"categories":[12870,172],"tags":[12865,12874],"class_list":["post-243999","post","type-post","status-publish","format-standard","has-post-thumbnail","hentry","category-destacadas","category-nacional","tag-destacadas","tag-nacional"],"jetpack_featured_media_url":"https:\/\/rnoticias.com.mx\/Portal\/wp-content\/uploads\/2026\/02\/70.webp","amp_enabled":true,"_links":{"self":[{"href":"https:\/\/rnoticias.com.mx\/Portal\/wp-json\/wp\/v2\/posts\/243999","targetHints":{"allow":["GET"]}}],"collection":[{"href":"https:\/\/rnoticias.com.mx\/Portal\/wp-json\/wp\/v2\/posts"}],"about":[{"href":"https:\/\/rnoticias.com.mx\/Portal\/wp-json\/wp\/v2\/types\/post"}],"author":[{"embeddable":true,"href":"https:\/\/rnoticias.com.mx\/Portal\/wp-json\/wp\/v2\/users\/2"}],"replies":[{"embeddable":true,"href":"https:\/\/rnoticias.com.mx\/Portal\/wp-json\/wp\/v2\/comments?post=243999"}],"version-history":[{"count":1,"href":"https:\/\/rnoticias.com.mx\/Portal\/wp-json\/wp\/v2\/posts\/243999\/revisions"}],"predecessor-version":[{"id":244001,"href":"https:\/\/rnoticias.com.mx\/Portal\/wp-json\/wp\/v2\/posts\/243999\/revisions\/244001"}],"wp:featuredmedia":[{"embeddable":true,"href":"https:\/\/rnoticias.com.mx\/Portal\/wp-json\/wp\/v2\/media\/244000"}],"wp:attachment":[{"href":"https:\/\/rnoticias.com.mx\/Portal\/wp-json\/wp\/v2\/media?parent=243999"}],"wp:term":[{"taxonomy":"category","embeddable":true,"href":"https:\/\/rnoticias.com.mx\/Portal\/wp-json\/wp\/v2\/categories?post=243999"},{"taxonomy":"post_tag","embeddable":true,"href":"https:\/\/rnoticias.com.mx\/Portal\/wp-json\/wp\/v2\/tags?post=243999"}],"curies":[{"name":"wp","href":"https:\/\/api.w.org\/{rel}","templated":true}]}}