{"id":243908,"date":"2026-02-04T10:03:49","date_gmt":"2026-02-04T17:03:49","guid":{"rendered":"https:\/\/rnoticias.com.mx\/Portal\/?p=243908"},"modified":"2026-02-04T10:03:49","modified_gmt":"2026-02-04T17:03:49","slug":"comercio-sonorense-preve-alza-moderada-en-ventas-por-el-14-de-febrero","status":"publish","type":"post","link":"https:\/\/rnoticias.com.mx\/Portal\/2026\/02\/04\/comercio-sonorense-preve-alza-moderada-en-ventas-por-el-14-de-febrero\/","title":{"rendered":"Comercio sonorense prev\u00e9 alza moderada en ventas por el 14 de febrero"},"content":{"rendered":"<p>&nbsp;<\/p>\n<p>Hermosillo, Sonora a 4 de febrero del 2026. Con motivo de la celebraci\u00f3n del D\u00eda del Amor y la Amistad, el sector comercio en Sonora mantiene expectativas conservadoras en materia de ventas, inform\u00f3 Mart\u00edn Zalazar Zazueta, presidente de Fecanaco Sonora y Canacope Hermosillo.<\/p>\n<p>&nbsp;<\/p>\n<p>De acuerdo con el dirigente empresarial, se estima que durante el 14 de febrero se registre un incremento de entre un 5 a un 10 por ciento en ventas, en comparaci\u00f3n con el mismo periodo del a\u00f1o pasado y esto derivado del poco entusiasmo que se ha visto hasta este momento en la econom\u00eda local.<\/p>\n<p>&nbsp;<\/p>\n<p>\u201cEsta fecha representa una de las m\u00e1s importantes para el comercio local, con la participaci\u00f3n de negocios como florer\u00edas, restaurantes, cafeter\u00edas, tiendas de regalos, joyer\u00edas, pasteler\u00edas, chocolater\u00edas, perfumer\u00edas, boutiques, papeler\u00edas y comercios de art\u00edculos personalizados, as\u00ed como prestadores de servicios tur\u00edsticos y de entretenimiento\u201d, detall\u00f3.<\/p>\n<p>&nbsp;<\/p>\n<p>Record\u00f3, que entre los productos con mayor demanda en esta fecha especial, destacan los arreglos florales, globos, chocolates, joyer\u00eda, perfumes, ropa, calzado, detalles personalizados y cenas especiales, adem\u00e1s de experiencias como viajes cortos y servicios recreativos.<\/p>\n<p>&nbsp;<\/p>\n<p>Zalazar Zazueta enfatiz\u00f3, que muchos comercios han preparado promociones, descuentos y paquetes especiales para atraer a los consumidores.<\/p>\n<p>&nbsp;<\/p>\n<p>Asimismo, hizo un llamado a la ciudadan\u00eda a realizar sus compras en negocios locales, ya que esto permite fortalecer la econom\u00eda regional, conservar empleos y apoyar directamente a las familias sonorenses que dependen del comercio.<\/p>\n<p>&nbsp;<\/p>\n<p>\u201cComprar local es una forma directa de contribuir al desarrollo econ\u00f3mico de los municipios y de Sonora\u201d, finaliz\u00f3.<\/p>\n<p>&nbsp;<\/p>\n","protected":false},"excerpt":{"rendered":"<p>&nbsp; Hermosillo, Sonora a 4 de febrero del 2026. Con motivo de la celebraci\u00f3n del D\u00eda del Amor y la Amistad, el sector comercio en Sonora mantiene expectativas conservadoras en materia de ventas, inform\u00f3 Mart\u00edn Zalazar Zazueta, presidente de Fecanaco Sonora y Canacope Hermosillo. &nbsp; De acuerdo con el dirigente empresarial, se estima que durante [&hellip;]<\/p>\n","protected":false},"author":2,"featured_media":243909,"comment_status":"closed","ping_status":"closed","sticky":false,"template":"","format":"standard","meta":{"footnotes":""},"categories":[12870,178],"tags":[12865,12869],"class_list":["post-243908","post","type-post","status-publish","format-standard","has-post-thumbnail","hentry","category-destacadas","category-local","tag-destacadas","tag-local"],"jetpack_featured_media_url":"https:\/\/rnoticias.com.mx\/Portal\/wp-content\/uploads\/2026\/02\/619307996_1330153389144679_1533834882051155777_n.jpg","amp_enabled":true,"_links":{"self":[{"href":"https:\/\/rnoticias.com.mx\/Portal\/wp-json\/wp\/v2\/posts\/243908","targetHints":{"allow":["GET"]}}],"collection":[{"href":"https:\/\/rnoticias.com.mx\/Portal\/wp-json\/wp\/v2\/posts"}],"about":[{"href":"https:\/\/rnoticias.com.mx\/Portal\/wp-json\/wp\/v2\/types\/post"}],"author":[{"embeddable":true,"href":"https:\/\/rnoticias.com.mx\/Portal\/wp-json\/wp\/v2\/users\/2"}],"replies":[{"embeddable":true,"href":"https:\/\/rnoticias.com.mx\/Portal\/wp-json\/wp\/v2\/comments?post=243908"}],"version-history":[{"count":1,"href":"https:\/\/rnoticias.com.mx\/Portal\/wp-json\/wp\/v2\/posts\/243908\/revisions"}],"predecessor-version":[{"id":243910,"href":"https:\/\/rnoticias.com.mx\/Portal\/wp-json\/wp\/v2\/posts\/243908\/revisions\/243910"}],"wp:featuredmedia":[{"embeddable":true,"href":"https:\/\/rnoticias.com.mx\/Portal\/wp-json\/wp\/v2\/media\/243909"}],"wp:attachment":[{"href":"https:\/\/rnoticias.com.mx\/Portal\/wp-json\/wp\/v2\/media?parent=243908"}],"wp:term":[{"taxonomy":"category","embeddable":true,"href":"https:\/\/rnoticias.com.mx\/Portal\/wp-json\/wp\/v2\/categories?post=243908"},{"taxonomy":"post_tag","embeddable":true,"href":"https:\/\/rnoticias.com.mx\/Portal\/wp-json\/wp\/v2\/tags?post=243908"}],"curies":[{"name":"wp","href":"https:\/\/api.w.org\/{rel}","templated":true}]}}