{"id":243872,"date":"2026-02-04T08:10:28","date_gmt":"2026-02-04T15:10:28","guid":{"rendered":"https:\/\/rnoticias.com.mx\/Portal\/?p=243872"},"modified":"2026-02-04T08:10:28","modified_gmt":"2026-02-04T15:10:28","slug":"acudiran-congresistas-norteamericanos-a-la-camara-de-diputados-pidieron-dialogo","status":"publish","type":"post","link":"https:\/\/rnoticias.com.mx\/Portal\/2026\/02\/04\/acudiran-congresistas-norteamericanos-a-la-camara-de-diputados-pidieron-dialogo\/","title":{"rendered":"Acudir\u00e1n congresistas norteamericanos a la C\u00e1mara de Diputados; pidieron di\u00e1logo"},"content":{"rendered":"<p>Presuntamente ser\u00eda un grupo de 12 representantes, la mayor\u00eda republicanos, pero tambi\u00e9n habr\u00edan dem\u00f3cratas, que solicitaron ser recibidos por sus contrapartes mexicanas, diputados.<\/p>\n<p>De la parte mexicana, estar\u00edan presentes los miembros de la Junta de Coordinaci\u00f3n Pol\u00edtica de la C\u00e1mara de Diputados, la presidente de la Mesa Directiva, Kenia L\u00f3pez Rabad\u00e1n y un diputado m\u00e1s por cada grupo parlamentario.<\/p>\n<p>Esto ocurrir\u00e1 en el contexto de las medidas comerciales de Estados Unidos contra M\u00e9xico y otras naciones, pero a\u00fan es desconocido si abordar\u00e1n dicho tema.<\/p>\n<p>Asimismo, trasciende que diputados de Morena pretenden sustituir al secretario t\u00e9cnico de la Comisi\u00f3n de Relaciones Exteriores de la C\u00e1mara Baja, que preside el PT.\u00a0Reportan que recaban firmas para destituir al secretario.<\/p>\n","protected":false},"excerpt":{"rendered":"<p>Presuntamente ser\u00eda un grupo de 12 representantes, la mayor\u00eda republicanos, pero tambi\u00e9n habr\u00edan dem\u00f3cratas, que solicitaron ser recibidos por sus contrapartes mexicanas, diputados. De la parte mexicana, estar\u00edan presentes los miembros de la Junta de Coordinaci\u00f3n Pol\u00edtica de la C\u00e1mara de Diputados, la presidente de la Mesa Directiva, Kenia L\u00f3pez Rabad\u00e1n y un diputado m\u00e1s [&hellip;]<\/p>\n","protected":false},"author":2,"featured_media":243873,"comment_status":"closed","ping_status":"closed","sticky":false,"template":"","format":"standard","meta":{"footnotes":""},"categories":[12870,12868],"tags":[12865,12879],"class_list":["post-243872","post","type-post","status-publish","format-standard","has-post-thumbnail","hentry","category-destacadas","category-politica","tag-destacadas","tag-politica"],"jetpack_featured_media_url":"https:\/\/rnoticias.com.mx\/Portal\/wp-content\/uploads\/2026\/02\/5950361.jpg","amp_enabled":true,"_links":{"self":[{"href":"https:\/\/rnoticias.com.mx\/Portal\/wp-json\/wp\/v2\/posts\/243872","targetHints":{"allow":["GET"]}}],"collection":[{"href":"https:\/\/rnoticias.com.mx\/Portal\/wp-json\/wp\/v2\/posts"}],"about":[{"href":"https:\/\/rnoticias.com.mx\/Portal\/wp-json\/wp\/v2\/types\/post"}],"author":[{"embeddable":true,"href":"https:\/\/rnoticias.com.mx\/Portal\/wp-json\/wp\/v2\/users\/2"}],"replies":[{"embeddable":true,"href":"https:\/\/rnoticias.com.mx\/Portal\/wp-json\/wp\/v2\/comments?post=243872"}],"version-history":[{"count":1,"href":"https:\/\/rnoticias.com.mx\/Portal\/wp-json\/wp\/v2\/posts\/243872\/revisions"}],"predecessor-version":[{"id":243874,"href":"https:\/\/rnoticias.com.mx\/Portal\/wp-json\/wp\/v2\/posts\/243872\/revisions\/243874"}],"wp:featuredmedia":[{"embeddable":true,"href":"https:\/\/rnoticias.com.mx\/Portal\/wp-json\/wp\/v2\/media\/243873"}],"wp:attachment":[{"href":"https:\/\/rnoticias.com.mx\/Portal\/wp-json\/wp\/v2\/media?parent=243872"}],"wp:term":[{"taxonomy":"category","embeddable":true,"href":"https:\/\/rnoticias.com.mx\/Portal\/wp-json\/wp\/v2\/categories?post=243872"},{"taxonomy":"post_tag","embeddable":true,"href":"https:\/\/rnoticias.com.mx\/Portal\/wp-json\/wp\/v2\/tags?post=243872"}],"curies":[{"name":"wp","href":"https:\/\/api.w.org\/{rel}","templated":true}]}}