{"id":243869,"date":"2026-02-04T08:09:22","date_gmt":"2026-02-04T15:09:22","guid":{"rendered":"https:\/\/rnoticias.com.mx\/Portal\/?p=243869"},"modified":"2026-02-04T08:09:22","modified_gmt":"2026-02-04T15:09:22","slug":"invita-isj-a-participar-en-la-carrera-match-2026","status":"publish","type":"post","link":"https:\/\/rnoticias.com.mx\/Portal\/2026\/02\/04\/invita-isj-a-participar-en-la-carrera-match-2026\/","title":{"rendered":"Invita ISJ a participar en la Carrera Match 2026"},"content":{"rendered":"<p>Hermosillo, Sonora; 4 de febrero de 2026.- El Gobierno de Sonora, a trav\u00e9s del Instituto Sonorense de la Juventud (ISJ), anunci\u00f3 la realizaci\u00f3n de la Carrera Match 2026, un evento deportivo que se llevar\u00e1 a cabo el pr\u00f3ximo 14 de febrero, a las 7:00 horas, en el marco de la conmemoraci\u00f3n del D\u00eda del Amor y la Amistad.<\/p>\n<p>La titular del ISJ, Rebeca Valenzuela \u00c1lvarez, inform\u00f3 que en esta edici\u00f3n la carrera tendr\u00e1 como sede La Sauceda, frente al Teatro al Aire Libre, y contar\u00e1 con dos distancias competitivas de cinco y tres kil\u00f3metros, adem\u00e1s de una caminata familiar para quienes prefieran participar a un ritmo m\u00e1s relajado.<\/p>\n<p>\u201cLa Carrera Match ser\u00e1 una excelente manera de iniciar el D\u00eda del Amor y la Amistad, con actividades dirigidas a personas de todas las edades y niveles de condici\u00f3n f\u00edsica\u201d, se\u00f1al\u00f3 Valenzuela \u00c1lvarez.<\/p>\n<p>Asimismo, indic\u00f3 que el evento representa una opci\u00f3n ideal para disfrutar en familia, promover el deporte y fortalecer la convivencia en un ambiente de sano esparcimiento.<\/p>\n<p>Como incentivo adicional, los primeros tres lugares de cada categor\u00eda, en las ramas femenil y varonil, recibir\u00e1n premios, adem\u00e1s de que habr\u00e1 sorpresas para las y los asistentes.<\/p>\n<p>Para participar, se solicita como inscripci\u00f3n la donaci\u00f3n de dos kilos de alimentos no perecederos por persona. Para m\u00e1s informaci\u00f3n y para realizar el registro, las y los interesados pueden ingresar al enlace bio.link\/isjuventud o comunicarse v\u00eda WhatsApp al 662 444 7742.<\/p>\n","protected":false},"excerpt":{"rendered":"<p>Hermosillo, Sonora; 4 de febrero de 2026.- El Gobierno de Sonora, a trav\u00e9s del Instituto Sonorense de la Juventud (ISJ), anunci\u00f3 la realizaci\u00f3n de la Carrera Match 2026, un evento deportivo que se llevar\u00e1 a cabo el pr\u00f3ximo 14 de febrero, a las 7:00 horas, en el marco de la conmemoraci\u00f3n del D\u00eda del Amor [&hellip;]<\/p>\n","protected":false},"author":2,"featured_media":243870,"comment_status":"closed","ping_status":"closed","sticky":false,"template":"","format":"standard","meta":{"footnotes":""},"categories":[12870,178],"tags":[12865,12869],"class_list":["post-243869","post","type-post","status-publish","format-standard","has-post-thumbnail","hentry","category-destacadas","category-local","tag-destacadas","tag-local"],"jetpack_featured_media_url":"https:\/\/rnoticias.com.mx\/Portal\/wp-content\/uploads\/2026\/02\/unnamed-7.jpg","amp_enabled":true,"_links":{"self":[{"href":"https:\/\/rnoticias.com.mx\/Portal\/wp-json\/wp\/v2\/posts\/243869","targetHints":{"allow":["GET"]}}],"collection":[{"href":"https:\/\/rnoticias.com.mx\/Portal\/wp-json\/wp\/v2\/posts"}],"about":[{"href":"https:\/\/rnoticias.com.mx\/Portal\/wp-json\/wp\/v2\/types\/post"}],"author":[{"embeddable":true,"href":"https:\/\/rnoticias.com.mx\/Portal\/wp-json\/wp\/v2\/users\/2"}],"replies":[{"embeddable":true,"href":"https:\/\/rnoticias.com.mx\/Portal\/wp-json\/wp\/v2\/comments?post=243869"}],"version-history":[{"count":1,"href":"https:\/\/rnoticias.com.mx\/Portal\/wp-json\/wp\/v2\/posts\/243869\/revisions"}],"predecessor-version":[{"id":243871,"href":"https:\/\/rnoticias.com.mx\/Portal\/wp-json\/wp\/v2\/posts\/243869\/revisions\/243871"}],"wp:featuredmedia":[{"embeddable":true,"href":"https:\/\/rnoticias.com.mx\/Portal\/wp-json\/wp\/v2\/media\/243870"}],"wp:attachment":[{"href":"https:\/\/rnoticias.com.mx\/Portal\/wp-json\/wp\/v2\/media?parent=243869"}],"wp:term":[{"taxonomy":"category","embeddable":true,"href":"https:\/\/rnoticias.com.mx\/Portal\/wp-json\/wp\/v2\/categories?post=243869"},{"taxonomy":"post_tag","embeddable":true,"href":"https:\/\/rnoticias.com.mx\/Portal\/wp-json\/wp\/v2\/tags?post=243869"}],"curies":[{"name":"wp","href":"https:\/\/api.w.org\/{rel}","templated":true}]}}