{"id":243805,"date":"2026-02-03T20:00:29","date_gmt":"2026-02-04T03:00:29","guid":{"rendered":"https:\/\/rnoticias.com.mx\/Portal\/?p=243805"},"modified":"2026-02-03T20:00:29","modified_gmt":"2026-02-04T03:00:29","slug":"entrega-gobernador-durazo-telebachillerato-en-nacori-chico-y-garantiza-becas-a-estudiantes","status":"publish","type":"post","link":"https:\/\/rnoticias.com.mx\/Portal\/2026\/02\/03\/entrega-gobernador-durazo-telebachillerato-en-nacori-chico-y-garantiza-becas-a-estudiantes\/","title":{"rendered":"Entrega Gobernador Durazo telebachillerato en N\u00e1cori Chico y garantiza becas a estudiantes"},"content":{"rendered":"<p>N\u00e1cori Chico, Sonora; 3 de febrero de 2026.- Con el objetivo de ampliar las oportunidades acad\u00e9micas para j\u00f3venes estudiantes de comunidades rurales y acercar centros educativos a todas las regiones, como parte de los beneficios del Plan Sonora de Energ\u00edas Sostenibles en educaci\u00f3n, el gobernador Alfonso Durazo Monta\u00f1o inaugur\u00f3 las instalaciones del Telebachillerato Comunitario de N\u00e1cori Chico, perteneciente al Colegio de Estudios Cient\u00edficos y Tecnol\u00f3gicos del Estado de Sonora (Cecyte).<\/p>\n<p>Con esta entrega, el mandatario estatal cumple su compromiso de llegar a las localidades m\u00e1s alejadas del estado que por d\u00e9cadas hab\u00edan permanecido en condiciones de rezago, principalmente en materia educativa. Mencion\u00f3 que, con la inauguraci\u00f3n de este plantel, se entregan instalaciones dignas y funcionales a la comunidad de N\u00e1cori Chico, en beneficio de todo el alumnado de la regi\u00f3n, permitiendo la permanencia y mejores ambientes de aprendizaje.<\/p>\n<p>Acompa\u00f1ado de Guillermo Amaya C\u00f3rdova, presidente municipal de N\u00e1cori Chico; Froyl\u00e1n G\u00e1mez Gamboa, secretario de Educaci\u00f3n y Cultura; y Blanca Aurelia Valenzuela, directora general de Cecyte Sonora, el gobernador Durazo coment\u00f3 que la historia de este telebachillerato data del a\u00f1o 2014, cuando a falta de un espacio digno las y los estudiantes compartieron aulas con la telesecundaria 169, sin embargo, ahora cuentan con un \u00e1rea para seguir con sus estudios sin tener que trasladarse a otros municipios de la regi\u00f3n.<\/p>\n<p>\u201cPara m\u00ed lo m\u00e1s importante es la educaci\u00f3n. Por eso estamos inaugurando el d\u00eda de hoy este de telebachillerato. Desde el d\u00eda que me lo plantearon, me compromet\u00ed a apoyar su construcci\u00f3n. Porque yo puedo estarles hablando el d\u00eda de hoy aqu\u00ed como gobernador, siendo de un pueblo, as\u00ed como N\u00e1cori Chico, por la educaci\u00f3n\u201d, indic\u00f3.<\/p>\n<p>El mandatario estatal anunci\u00f3 que de forma especial todas y todos los estudiantes del Telebachillerato Comunitario de N\u00e1cori Chico, adscrito a Cecyte, ser\u00e1n integrados al programa de Becas Sonora de Oportunidades, que consta de un respaldo econ\u00f3mico de dos mil pesos mensuales.<\/p>\n<p>El Telebachillerato Comunitario de N\u00e1cori Chico requiri\u00f3 de una inversi\u00f3n de 13 millones 840 mil 354 pesos, y cuenta con tres aulas, \u00e1rea administrativa, servicios sanitarios, plaza c\u00edvica y andadores dise\u00f1ados para el desarrollo acad\u00e9mico y comunitario.<\/p>\n<p>El plantel cuenta tambi\u00e9n con barda perimetral, cerco de seguridad, subestaci\u00f3n el\u00e9ctrica, tejab\u00e1n y cancha deportiva, fortaleciendo el uso integral de dicho espacio educativo para brindar espacios dignos y adecuados a la comunidad escolar, permitiendo aprovechar al m\u00e1ximo su capacidad de formaci\u00f3n acad\u00e9mica.<\/p>\n<p>Al inaugurar estas instalaciones, el gobernador Durazo Monta\u00f1o refrend\u00f3 su compromiso por consolidar a la educaci\u00f3n como la gran igualadora de las oportunidades sociales, al acceso de todas y todos, y que funcione como un motor de desarrollo y permanencia en la regi\u00f3n para j\u00f3venes de la sierra sonorense.<\/p>\n","protected":false},"excerpt":{"rendered":"<p>N\u00e1cori Chico, Sonora; 3 de febrero de 2026.- Con el objetivo de ampliar las oportunidades acad\u00e9micas para j\u00f3venes estudiantes de comunidades rurales y acercar centros educativos a todas las regiones, como parte de los beneficios del Plan Sonora de Energ\u00edas Sostenibles en educaci\u00f3n, el gobernador Alfonso Durazo Monta\u00f1o inaugur\u00f3 las instalaciones del Telebachillerato Comunitario de [&hellip;]<\/p>\n","protected":false},"author":2,"featured_media":243806,"comment_status":"closed","ping_status":"closed","sticky":false,"template":"","format":"standard","meta":{"footnotes":""},"categories":[12870,174],"tags":[12865,12873],"class_list":["post-243805","post","type-post","status-publish","format-standard","has-post-thumbnail","hentry","category-destacadas","category-estatal","tag-destacadas","tag-estatal"],"jetpack_featured_media_url":"https:\/\/rnoticias.com.mx\/Portal\/wp-content\/uploads\/2026\/02\/unnamed-3-1.jpg","amp_enabled":true,"_links":{"self":[{"href":"https:\/\/rnoticias.com.mx\/Portal\/wp-json\/wp\/v2\/posts\/243805","targetHints":{"allow":["GET"]}}],"collection":[{"href":"https:\/\/rnoticias.com.mx\/Portal\/wp-json\/wp\/v2\/posts"}],"about":[{"href":"https:\/\/rnoticias.com.mx\/Portal\/wp-json\/wp\/v2\/types\/post"}],"author":[{"embeddable":true,"href":"https:\/\/rnoticias.com.mx\/Portal\/wp-json\/wp\/v2\/users\/2"}],"replies":[{"embeddable":true,"href":"https:\/\/rnoticias.com.mx\/Portal\/wp-json\/wp\/v2\/comments?post=243805"}],"version-history":[{"count":1,"href":"https:\/\/rnoticias.com.mx\/Portal\/wp-json\/wp\/v2\/posts\/243805\/revisions"}],"predecessor-version":[{"id":243807,"href":"https:\/\/rnoticias.com.mx\/Portal\/wp-json\/wp\/v2\/posts\/243805\/revisions\/243807"}],"wp:featuredmedia":[{"embeddable":true,"href":"https:\/\/rnoticias.com.mx\/Portal\/wp-json\/wp\/v2\/media\/243806"}],"wp:attachment":[{"href":"https:\/\/rnoticias.com.mx\/Portal\/wp-json\/wp\/v2\/media?parent=243805"}],"wp:term":[{"taxonomy":"category","embeddable":true,"href":"https:\/\/rnoticias.com.mx\/Portal\/wp-json\/wp\/v2\/categories?post=243805"},{"taxonomy":"post_tag","embeddable":true,"href":"https:\/\/rnoticias.com.mx\/Portal\/wp-json\/wp\/v2\/tags?post=243805"}],"curies":[{"name":"wp","href":"https:\/\/api.w.org\/{rel}","templated":true}]}}