{"id":243781,"date":"2026-02-03T16:37:39","date_gmt":"2026-02-03T23:37:39","guid":{"rendered":"https:\/\/rnoticias.com.mx\/Portal\/?p=243781"},"modified":"2026-02-03T16:37:39","modified_gmt":"2026-02-03T23:37:39","slug":"conagua-sonora-refuerza-agenda-territorial-y-planeacion-hidraulica","status":"publish","type":"post","link":"https:\/\/rnoticias.com.mx\/Portal\/2026\/02\/03\/conagua-sonora-refuerza-agenda-territorial-y-planeacion-hidraulica\/","title":{"rendered":"CONAGUA Sonora refuerza agenda territorial y planeaci\u00f3n hidr\u00e1ulica"},"content":{"rendered":"<p>El delegado federal de la Comisi\u00f3n Nacional del Agua (CONAGUA) en Sonora, Mtro. Rodolfo Castro Valdez, inform\u00f3 que esta semana se desarrollar\u00e1 una intensa agenda de trabajo en distintas regiones del estado, enfocada en la planeaci\u00f3n de obras hidr\u00e1ulicas y la coordinaci\u00f3n con comunidades y usuarios.<\/p>\n<p>&nbsp;<\/p>\n<p>Detall\u00f3 que iniciar\u00e1n actividades en el sur de Sonora, con reuniones en Huatabampo para dar seguimiento al Comit\u00e9 de Playas Limpias de Huatabampito y al Comit\u00e9 Hidr\u00e1ulico, donde se revisar\u00e1n proyectos de infraestructura contemplados para 2026.<\/p>\n<p>&nbsp;<\/p>\n<p>\u201cPor la tarde estaremos en el Yaqui, tambi\u00e9n revisando el tema de las obras\u00a0y hacia ma\u00f1ana estaremos en Vicam para revisar los proyectos con las comunidades yaquis,\u00a0revisar el tema del acueducto yaqui y tambi\u00e9n por supuesto la planeaci\u00f3n de los riegos en esta zona\u201d, asegur\u00f3.<\/p>\n<p>&nbsp;<\/p>\n<p>De la misma forma, el titular de Conagua en Sonora a\u00f1adi\u00f3, que como parte de su gira de trabajo, participar\u00e1 en una asamblea con usuarios de riego en Caborca, as\u00ed como la revisi\u00f3n de proyectos en \u00cdmuris y Santa Ana, para cerrar la semana con un an\u00e1lisis integral de la planeaci\u00f3n h\u00eddrica estatal.<\/p>\n","protected":false},"excerpt":{"rendered":"<p>El delegado federal de la Comisi\u00f3n Nacional del Agua (CONAGUA) en Sonora, Mtro. Rodolfo Castro Valdez, inform\u00f3 que esta semana se desarrollar\u00e1 una intensa agenda de trabajo en distintas regiones del estado, enfocada en la planeaci\u00f3n de obras hidr\u00e1ulicas y la coordinaci\u00f3n con comunidades y usuarios. &nbsp; Detall\u00f3 que iniciar\u00e1n actividades en el sur de [&hellip;]<\/p>\n","protected":false},"author":2,"featured_media":243782,"comment_status":"closed","ping_status":"closed","sticky":false,"template":"","format":"standard","meta":{"footnotes":""},"categories":[12870,174],"tags":[12865,12873],"class_list":["post-243781","post","type-post","status-publish","format-standard","has-post-thumbnail","hentry","category-destacadas","category-estatal","tag-destacadas","tag-estatal"],"jetpack_featured_media_url":"https:\/\/rnoticias.com.mx\/Portal\/wp-content\/uploads\/2026\/02\/481081229_1048619587288203_1226531763917821743_n.jpg","amp_enabled":true,"_links":{"self":[{"href":"https:\/\/rnoticias.com.mx\/Portal\/wp-json\/wp\/v2\/posts\/243781","targetHints":{"allow":["GET"]}}],"collection":[{"href":"https:\/\/rnoticias.com.mx\/Portal\/wp-json\/wp\/v2\/posts"}],"about":[{"href":"https:\/\/rnoticias.com.mx\/Portal\/wp-json\/wp\/v2\/types\/post"}],"author":[{"embeddable":true,"href":"https:\/\/rnoticias.com.mx\/Portal\/wp-json\/wp\/v2\/users\/2"}],"replies":[{"embeddable":true,"href":"https:\/\/rnoticias.com.mx\/Portal\/wp-json\/wp\/v2\/comments?post=243781"}],"version-history":[{"count":1,"href":"https:\/\/rnoticias.com.mx\/Portal\/wp-json\/wp\/v2\/posts\/243781\/revisions"}],"predecessor-version":[{"id":243783,"href":"https:\/\/rnoticias.com.mx\/Portal\/wp-json\/wp\/v2\/posts\/243781\/revisions\/243783"}],"wp:featuredmedia":[{"embeddable":true,"href":"https:\/\/rnoticias.com.mx\/Portal\/wp-json\/wp\/v2\/media\/243782"}],"wp:attachment":[{"href":"https:\/\/rnoticias.com.mx\/Portal\/wp-json\/wp\/v2\/media?parent=243781"}],"wp:term":[{"taxonomy":"category","embeddable":true,"href":"https:\/\/rnoticias.com.mx\/Portal\/wp-json\/wp\/v2\/categories?post=243781"},{"taxonomy":"post_tag","embeddable":true,"href":"https:\/\/rnoticias.com.mx\/Portal\/wp-json\/wp\/v2\/tags?post=243781"}],"curies":[{"name":"wp","href":"https:\/\/api.w.org\/{rel}","templated":true}]}}