{"id":243462,"date":"2026-02-02T16:23:53","date_gmt":"2026-02-02T23:23:53","guid":{"rendered":"https:\/\/rnoticias.com.mx\/Portal\/?p=243462"},"modified":"2026-02-02T16:23:53","modified_gmt":"2026-02-02T23:23:53","slug":"incorpora-gobierno-de-hermosillo-nuevos-sensores-a-la-red-de-monitoreo-ambiental-de-hermosillo-remah","status":"publish","type":"post","link":"https:\/\/rnoticias.com.mx\/Portal\/2026\/02\/02\/incorpora-gobierno-de-hermosillo-nuevos-sensores-a-la-red-de-monitoreo-ambiental-de-hermosillo-remah\/","title":{"rendered":"Incorpora Gobierno de Hermosillo nuevos sensores a la Red de Monitoreo Ambiental de Hermosillo (REMAH)"},"content":{"rendered":"<p>Hermosillo, Sonora; 2 de febrero, 2026.- La Agencia Municipal de Energ\u00eda y Cambio Clim\u00e1tico (AMECC) incorpor\u00f3 4 sensores m\u00e1s a la Red de Monitoreo Ambiental de Hermosillo (REMAH) los cuales se encuentran en paradas de camiones refrigeradas de la ciudad y en el bosque memorial Y\u00e1\u00f1ez, mismos que ya generan datos sobre la presencia de part\u00edculas suspendidas en el aire, inform\u00f3 Carla Neudert C\u00f3rdova.<\/p>\n<p>\u201cInstalamos ya 4 sensores de calidad del aire, ya tenemos en este momento 15 en la ciudad funcionando, los \u00faltimos en las paradas de cami\u00f3n refrigeradas en Ley Vado del R\u00edo, El Mariachi, Emiliano Zapata y el \u00faltimo en el bosque memorial Y\u00e1\u00f1ez, de tal manera que en estas paradas que ya est\u00e1n equipadas con Internet es menos lo que tenemos que invertir en infraestructura y adem\u00e1s est\u00e1n localizadas donde estrat\u00e9gicamente necesit\u00e1bamos\u201d, explic\u00f3 la directora de la AMECC.<\/p>\n<p>Los 4 nuevos dispositivos, y los 5 que pr\u00f3ximamente se incorporar\u00e1n a la REMAH, los aport\u00f3 en comodato la Universidad de Sonora, como parte de las alianzas del Ayuntamiento de Hermosillo con instituciones y sociedad civil que promueve el Presidente Municipal Antonio Astiazar\u00e1n, coment\u00f3.<\/p>\n<p>Las ubicaciones de los sensores que faltan por instalar incluir\u00e1n a las comunidades La Victoria, El Tazajal y el poblado Miguel Alem\u00e1n, como parte de la medici\u00f3n de la calidad del aire ya no solo en la ciudad, sino tambi\u00e9n en comunidades rurales del municipio, abund\u00f3.<\/p>\n<p>\u201cNosotros sabemos lo que comemos, pero no lo que respiramos\u201d, reflexion\u00f3 la funcionaria a prop\u00f3sito de la raz\u00f3n de ser del REMAH.<\/p>\n<p>Record\u00f3 que el a\u00f1o pasado se instal\u00f3 el Comit\u00e9 de Monitoreo de la Calidad del Aire con participaci\u00f3n de la UNISON, la Universidad Estatal de Sonora, dependencias municipales, estatales y federales y organismos de la sociedad civil, para en funci\u00f3n de los datos recabados ejecutar acciones y medir su efectividad en cuanto a la disminuci\u00f3n de contaminaci\u00f3n.<\/p>\n<p>\u201cYo creo que hay un muy buen trabajo en equipo en torno a todo el tema no solo de innovaci\u00f3n sino ambiental\u201d, afirm\u00f3.<\/p>\n<p>Mencion\u00f3 actividades como la rehabilitaci\u00f3n del Vivero Municipal, jornadas Llantat\u00f3n y vigilancia estricta para impedir o sancionar las quemas, entre los aportes del Ayuntamiento a la mejora de la calidad del aire en Hermosillo.<\/p>\n","protected":false},"excerpt":{"rendered":"<p>Hermosillo, Sonora; 2 de febrero, 2026.- La Agencia Municipal de Energ\u00eda y Cambio Clim\u00e1tico (AMECC) incorpor\u00f3 4 sensores m\u00e1s a la Red de Monitoreo Ambiental de Hermosillo (REMAH) los cuales se encuentran en paradas de camiones refrigeradas de la ciudad y en el bosque memorial Y\u00e1\u00f1ez, mismos que ya generan datos sobre la presencia de [&hellip;]<\/p>\n","protected":false},"author":2,"featured_media":243463,"comment_status":"closed","ping_status":"closed","sticky":false,"template":"","format":"standard","meta":{"footnotes":""},"categories":[12870,178],"tags":[12865,12869],"class_list":["post-243462","post","type-post","status-publish","format-standard","has-post-thumbnail","hentry","category-destacadas","category-local","tag-destacadas","tag-local"],"jetpack_featured_media_url":"https:\/\/rnoticias.com.mx\/Portal\/wp-content\/uploads\/2026\/02\/3489.jpg","amp_enabled":true,"_links":{"self":[{"href":"https:\/\/rnoticias.com.mx\/Portal\/wp-json\/wp\/v2\/posts\/243462","targetHints":{"allow":["GET"]}}],"collection":[{"href":"https:\/\/rnoticias.com.mx\/Portal\/wp-json\/wp\/v2\/posts"}],"about":[{"href":"https:\/\/rnoticias.com.mx\/Portal\/wp-json\/wp\/v2\/types\/post"}],"author":[{"embeddable":true,"href":"https:\/\/rnoticias.com.mx\/Portal\/wp-json\/wp\/v2\/users\/2"}],"replies":[{"embeddable":true,"href":"https:\/\/rnoticias.com.mx\/Portal\/wp-json\/wp\/v2\/comments?post=243462"}],"version-history":[{"count":1,"href":"https:\/\/rnoticias.com.mx\/Portal\/wp-json\/wp\/v2\/posts\/243462\/revisions"}],"predecessor-version":[{"id":243464,"href":"https:\/\/rnoticias.com.mx\/Portal\/wp-json\/wp\/v2\/posts\/243462\/revisions\/243464"}],"wp:featuredmedia":[{"embeddable":true,"href":"https:\/\/rnoticias.com.mx\/Portal\/wp-json\/wp\/v2\/media\/243463"}],"wp:attachment":[{"href":"https:\/\/rnoticias.com.mx\/Portal\/wp-json\/wp\/v2\/media?parent=243462"}],"wp:term":[{"taxonomy":"category","embeddable":true,"href":"https:\/\/rnoticias.com.mx\/Portal\/wp-json\/wp\/v2\/categories?post=243462"},{"taxonomy":"post_tag","embeddable":true,"href":"https:\/\/rnoticias.com.mx\/Portal\/wp-json\/wp\/v2\/tags?post=243462"}],"curies":[{"name":"wp","href":"https:\/\/api.w.org\/{rel}","templated":true}]}}