{"id":243309,"date":"2026-01-31T11:57:22","date_gmt":"2026-01-31T18:57:22","guid":{"rendered":"https:\/\/rnoticias.com.mx\/Portal\/?p=243309"},"modified":"2026-01-31T11:57:22","modified_gmt":"2026-01-31T18:57:22","slug":"inician-cadetes-de-la-generacion-dragon-curso-de-induccion-en-la-universidad-de-la-seguridad-publica","status":"publish","type":"post","link":"https:\/\/rnoticias.com.mx\/Portal\/2026\/01\/31\/inician-cadetes-de-la-generacion-dragon-curso-de-induccion-en-la-universidad-de-la-seguridad-publica\/","title":{"rendered":"Inician cadetes de la Generaci\u00f3n Drag\u00f3n curso de inducci\u00f3n en la Universidad de la Seguridad P\u00fablica"},"content":{"rendered":"<p>Hermosillo, Sonora; 31 de enero de 2026.- La Universidad de la Seguridad P\u00fablica (USP), adscrita a la Secretar\u00eda de Seguridad y Protecci\u00f3n Ciudadana (SSPC) Sonora, dio inicio al curso de inducci\u00f3n del Programa de Formaci\u00f3n Inicial para Polic\u00eda de Proximidad, dirigido a las y los aspirantes que integrar\u00e1n la Generaci\u00f3n Drag\u00f3n, quienes se preparan para convertirse en futuras y futuros elementos al servicio de la seguridad en Sonora.<\/p>\n<p>Este curso fue dise\u00f1ado para que las y los aspirantes conozcan a fondo la Universidad, su objetivo, organizaci\u00f3n, principios, valores, oferta educativa e instalaciones, as\u00ed como los aspectos fundamentales del Programa de Formaci\u00f3n Inicial para Polic\u00eda de Proximidad y su r\u00e9gimen disciplinario.<\/p>\n<p>Al respecto, el rector de la USP, Ellioth Romero Grijalva, explic\u00f3 que el curso de inducci\u00f3n tambi\u00e9n contempla un espacio para resolver dudas y acompa\u00f1ar a las y los aspirantes previo al inicio formal del programa, el cual est\u00e1 programado para el pr\u00f3ximo 16 de febrero.<\/p>\n<p>Destac\u00f3 que como parte de una atenci\u00f3n ordenada y eficiente, las y los aspirantes fueron distribuidos en cuatro grupo, ya se atendi\u00f3 al primer grupo y se contin\u00faan las actividades con el segundo. Las jornadas de inducci\u00f3n seguir\u00e1n la pr\u00f3xima semana, los d\u00edas jueves y s\u00e1bado, con la participaci\u00f3n de los grupos tres y cuatro.<\/p>\n<p>Por \u00faltimo indic\u00f3 que la preparaci\u00f3n de estos cadetes representa un paso fundamental en el fortalecimiento de la seguridad en el estado, al formar elementos con vocaci\u00f3n de servicio, cercan\u00eda con la ciudadan\u00eda y una s\u00f3lida formaci\u00f3n acad\u00e9mica y disciplinaria que contribuir\u00e1 a construir comunidades m\u00e1s seguras para las y los sonorenses.<\/p>\n","protected":false},"excerpt":{"rendered":"<p>Hermosillo, Sonora; 31 de enero de 2026.- La Universidad de la Seguridad P\u00fablica (USP), adscrita a la Secretar\u00eda de Seguridad y Protecci\u00f3n Ciudadana (SSPC) Sonora, dio inicio al curso de inducci\u00f3n del Programa de Formaci\u00f3n Inicial para Polic\u00eda de Proximidad, dirigido a las y los aspirantes que integrar\u00e1n la Generaci\u00f3n Drag\u00f3n, quienes se preparan para [&hellip;]<\/p>\n","protected":false},"author":2,"featured_media":243310,"comment_status":"closed","ping_status":"closed","sticky":false,"template":"","format":"standard","meta":{"footnotes":""},"categories":[12870,178],"tags":[12865,12869],"class_list":["post-243309","post","type-post","status-publish","format-standard","has-post-thumbnail","hentry","category-destacadas","category-local","tag-destacadas","tag-local"],"jetpack_featured_media_url":"https:\/\/rnoticias.com.mx\/Portal\/wp-content\/uploads\/2026\/01\/unnamed-3-14.jpg","amp_enabled":true,"_links":{"self":[{"href":"https:\/\/rnoticias.com.mx\/Portal\/wp-json\/wp\/v2\/posts\/243309","targetHints":{"allow":["GET"]}}],"collection":[{"href":"https:\/\/rnoticias.com.mx\/Portal\/wp-json\/wp\/v2\/posts"}],"about":[{"href":"https:\/\/rnoticias.com.mx\/Portal\/wp-json\/wp\/v2\/types\/post"}],"author":[{"embeddable":true,"href":"https:\/\/rnoticias.com.mx\/Portal\/wp-json\/wp\/v2\/users\/2"}],"replies":[{"embeddable":true,"href":"https:\/\/rnoticias.com.mx\/Portal\/wp-json\/wp\/v2\/comments?post=243309"}],"version-history":[{"count":1,"href":"https:\/\/rnoticias.com.mx\/Portal\/wp-json\/wp\/v2\/posts\/243309\/revisions"}],"predecessor-version":[{"id":243311,"href":"https:\/\/rnoticias.com.mx\/Portal\/wp-json\/wp\/v2\/posts\/243309\/revisions\/243311"}],"wp:featuredmedia":[{"embeddable":true,"href":"https:\/\/rnoticias.com.mx\/Portal\/wp-json\/wp\/v2\/media\/243310"}],"wp:attachment":[{"href":"https:\/\/rnoticias.com.mx\/Portal\/wp-json\/wp\/v2\/media?parent=243309"}],"wp:term":[{"taxonomy":"category","embeddable":true,"href":"https:\/\/rnoticias.com.mx\/Portal\/wp-json\/wp\/v2\/categories?post=243309"},{"taxonomy":"post_tag","embeddable":true,"href":"https:\/\/rnoticias.com.mx\/Portal\/wp-json\/wp\/v2\/tags?post=243309"}],"curies":[{"name":"wp","href":"https:\/\/api.w.org\/{rel}","templated":true}]}}