{"id":243306,"date":"2026-01-31T11:53:48","date_gmt":"2026-01-31T18:53:48","guid":{"rendered":"https:\/\/rnoticias.com.mx\/Portal\/?p=243306"},"modified":"2026-01-31T11:53:48","modified_gmt":"2026-01-31T18:53:48","slug":"pugilista-sonorense-subira-al-ring-en-primer-selectivo-nacional-rumbo-a-jcc","status":"publish","type":"post","link":"https:\/\/rnoticias.com.mx\/Portal\/2026\/01\/31\/pugilista-sonorense-subira-al-ring-en-primer-selectivo-nacional-rumbo-a-jcc\/","title":{"rendered":"Pugilista sonorense subir\u00e1 al ring en primer selectivo nacional rumbo a JCC"},"content":{"rendered":"<p>Hermosillo, Sonora, 31 de enero del 2026.- El pugilista sonorense \u00c1ngel \u201cZurdo\u201d Serna iniciar\u00e1 el proceso ol\u00edmpico hacia Los \u00c1ngeles 2028, cuando la pr\u00f3xima semana participe en el Grand Prix Elite, como parte de la primera etapa del selectivo nacional de la disciplina, de donde saldr\u00e1 la secci\u00f3n mexicana que representar\u00e1 a nuestro pa\u00eds en los Juegos Centroamericanos y del Caribe 2026.<\/p>\n<p>&nbsp;<\/p>\n<p>El evento est\u00e1 programado del 3 al 7 de febrero en la Ciudad de M\u00e9xico, dentro de las instalaciones del Centro Deportivo Ol\u00edmpico Mexicano (CDOM), tambi\u00e9n con car\u00e1cter de selectivo para los Juegos Ol\u00edmpicos de la Juventud 2026, a efectuarse en Dakar, Arabia Saudita, del 30 de octubre al 9 de noviembre.<\/p>\n<p>&nbsp;<\/p>\n<p>En ese certamen estar\u00e1n presentes los medallistas del pasado Campeonato Nacional Elite que tuvo lugar en diciembre del a\u00f1o pasado en el mismo sitio, en busca de reunir puntos para llevar los colores de M\u00e9xico en la vig\u00e9sima quinta edici\u00f3n de la cita regional de naciones a celebrarse en Santo Domingo, Rep\u00fablica Dominicana, del 24 de julio al 8 de agosto.<\/p>\n<p>&nbsp;<\/p>\n<p>En el caso del \u201cZurdo\u201d Serna Padilla, logr\u00f3 su boleto al proceso selectivo nacional despu\u00e9s de ganar la presea dorada a finales del 2025, luego de que los dos a\u00f1os anteriores termin\u00f3 como subcampe\u00f3n tras caer en ambas ocasiones ante Marco Verde, quien posteriormente se convirti\u00f3 en medallista ol\u00edmpico y actualmente ya es boxeador profesional.<\/p>\n<p>&nbsp;<\/p>\n<p>La segunda etapa y definitiva, del selectivo nacional, la recibir\u00e1 Guadalajara, Jalisco, entre el 10 y el 17 de marzo, evento convocado por la Federaci\u00f3n Mexicana de Boxeo (FMB), a trav\u00e9s de las Asociaciones Estatales de pugilismo.<\/p>\n","protected":false},"excerpt":{"rendered":"<p>Hermosillo, Sonora, 31 de enero del 2026.- El pugilista sonorense \u00c1ngel \u201cZurdo\u201d Serna iniciar\u00e1 el proceso ol\u00edmpico hacia Los \u00c1ngeles 2028, cuando la pr\u00f3xima semana participe en el Grand Prix Elite, como parte de la primera etapa del selectivo nacional de la disciplina, de donde saldr\u00e1 la secci\u00f3n mexicana que representar\u00e1 a nuestro pa\u00eds en [&hellip;]<\/p>\n","protected":false},"author":2,"featured_media":243307,"comment_status":"closed","ping_status":"closed","sticky":false,"template":"","format":"standard","meta":{"footnotes":""},"categories":[188,12870],"tags":[5231,12865],"class_list":["post-243306","post","type-post","status-publish","format-standard","has-post-thumbnail","hentry","category-deportes","category-destacadas","tag-deportes","tag-destacadas"],"jetpack_featured_media_url":"https:\/\/rnoticias.com.mx\/Portal\/wp-content\/uploads\/2026\/01\/unnamed-2-16.jpg","amp_enabled":true,"_links":{"self":[{"href":"https:\/\/rnoticias.com.mx\/Portal\/wp-json\/wp\/v2\/posts\/243306","targetHints":{"allow":["GET"]}}],"collection":[{"href":"https:\/\/rnoticias.com.mx\/Portal\/wp-json\/wp\/v2\/posts"}],"about":[{"href":"https:\/\/rnoticias.com.mx\/Portal\/wp-json\/wp\/v2\/types\/post"}],"author":[{"embeddable":true,"href":"https:\/\/rnoticias.com.mx\/Portal\/wp-json\/wp\/v2\/users\/2"}],"replies":[{"embeddable":true,"href":"https:\/\/rnoticias.com.mx\/Portal\/wp-json\/wp\/v2\/comments?post=243306"}],"version-history":[{"count":1,"href":"https:\/\/rnoticias.com.mx\/Portal\/wp-json\/wp\/v2\/posts\/243306\/revisions"}],"predecessor-version":[{"id":243308,"href":"https:\/\/rnoticias.com.mx\/Portal\/wp-json\/wp\/v2\/posts\/243306\/revisions\/243308"}],"wp:featuredmedia":[{"embeddable":true,"href":"https:\/\/rnoticias.com.mx\/Portal\/wp-json\/wp\/v2\/media\/243307"}],"wp:attachment":[{"href":"https:\/\/rnoticias.com.mx\/Portal\/wp-json\/wp\/v2\/media?parent=243306"}],"wp:term":[{"taxonomy":"category","embeddable":true,"href":"https:\/\/rnoticias.com.mx\/Portal\/wp-json\/wp\/v2\/categories?post=243306"},{"taxonomy":"post_tag","embeddable":true,"href":"https:\/\/rnoticias.com.mx\/Portal\/wp-json\/wp\/v2\/tags?post=243306"}],"curies":[{"name":"wp","href":"https:\/\/api.w.org\/{rel}","templated":true}]}}