{"id":243269,"date":"2026-01-30T17:58:58","date_gmt":"2026-01-31T00:58:58","guid":{"rendered":"https:\/\/rnoticias.com.mx\/Portal\/?p=243269"},"modified":"2026-01-30T17:58:58","modified_gmt":"2026-01-31T00:58:58","slug":"anuncia-gobernador-durazo-convocatoria-de-becas-sonora-de-oportunidades-van-mas-de-600-mil-estudiantes-becados","status":"publish","type":"post","link":"https:\/\/rnoticias.com.mx\/Portal\/2026\/01\/30\/anuncia-gobernador-durazo-convocatoria-de-becas-sonora-de-oportunidades-van-mas-de-600-mil-estudiantes-becados\/","title":{"rendered":"Anuncia Gobernador Durazo convocatoria de becas Sonora de Oportunidades; van m\u00e1s de 600 mil estudiantes becados"},"content":{"rendered":"<p>Hermosillo, Sonora; 30 de enero de 2026.- Para dar continuidad al programa de becas m\u00e1s grande de la historia de Sonora y ampliar las oportunidades para todas y todos los j\u00f3venes, el gobernador Alfonso Durazo Monta\u00f1o anunci\u00f3 el arranque del registro para la Beca Sonora de Oportunidades, dirigida a estudiantes de universidades p\u00fablicas, correspondiente al periodo 2026-1, fortaleciendo el acceso a la educaci\u00f3n superior.<\/p>\n<p>El mandatario estatal subray\u00f3 que este programa representa una de las pol\u00edticas p\u00fablicas m\u00e1s importantes de su administraci\u00f3n para garantizar la permanencia y continuidad acad\u00e9mica de miles de j\u00f3venes sonorenses, al destinarse m\u00e1s de mil millones de pesos este 2026, el monto m\u00e1s alto en la historia del estado para becas educativas.<\/p>\n<p>El registro estar\u00e1 disponible del 30 de enero al 13 de febrero y el tr\u00e1mite se realizar\u00e1 completamente en l\u00ednea a trav\u00e9s de la app Sonora Digital, por lo que es indispensable contar con la Llave MX. Esta herramienta digital se puede crear gratuitamente a trav\u00e9s del portal www.llave.gob.mx<\/p>\n<p>Durante el primer semestre de 2026, se contempla beneficiar a 44 mil 500 estudiantes de universidades p\u00fablicas, reafirmando el compromiso del gobernador Durazo con la educaci\u00f3n como motor de igualdad y desarrollo social. En lo que va de la actual administraci\u00f3n, m\u00e1s de 605 mil estudiantes de todos los niveles educativos han recibido alg\u00fan tipo de apoyo.<\/p>\n<p>El gobernador Durazo reiter\u00f3 su administraci\u00f3n se ha asignado el presupuesto m\u00e1s alto en la historia de Sonora para impulsar la educaci\u00f3n, como la gran igualadora de oportunidades sociales.<\/p>\n","protected":false},"excerpt":{"rendered":"<p>Hermosillo, Sonora; 30 de enero de 2026.- Para dar continuidad al programa de becas m\u00e1s grande de la historia de Sonora y ampliar las oportunidades para todas y todos los j\u00f3venes, el gobernador Alfonso Durazo Monta\u00f1o anunci\u00f3 el arranque del registro para la Beca Sonora de Oportunidades, dirigida a estudiantes de universidades p\u00fablicas, correspondiente al [&hellip;]<\/p>\n","protected":false},"author":2,"featured_media":243270,"comment_status":"closed","ping_status":"closed","sticky":false,"template":"","format":"standard","meta":{"footnotes":""},"categories":[12870,178],"tags":[12865,12869],"class_list":["post-243269","post","type-post","status-publish","format-standard","has-post-thumbnail","hentry","category-destacadas","category-local","tag-destacadas","tag-local"],"jetpack_featured_media_url":"https:\/\/rnoticias.com.mx\/Portal\/wp-content\/uploads\/2026\/01\/655.jpg","amp_enabled":true,"_links":{"self":[{"href":"https:\/\/rnoticias.com.mx\/Portal\/wp-json\/wp\/v2\/posts\/243269","targetHints":{"allow":["GET"]}}],"collection":[{"href":"https:\/\/rnoticias.com.mx\/Portal\/wp-json\/wp\/v2\/posts"}],"about":[{"href":"https:\/\/rnoticias.com.mx\/Portal\/wp-json\/wp\/v2\/types\/post"}],"author":[{"embeddable":true,"href":"https:\/\/rnoticias.com.mx\/Portal\/wp-json\/wp\/v2\/users\/2"}],"replies":[{"embeddable":true,"href":"https:\/\/rnoticias.com.mx\/Portal\/wp-json\/wp\/v2\/comments?post=243269"}],"version-history":[{"count":1,"href":"https:\/\/rnoticias.com.mx\/Portal\/wp-json\/wp\/v2\/posts\/243269\/revisions"}],"predecessor-version":[{"id":243271,"href":"https:\/\/rnoticias.com.mx\/Portal\/wp-json\/wp\/v2\/posts\/243269\/revisions\/243271"}],"wp:featuredmedia":[{"embeddable":true,"href":"https:\/\/rnoticias.com.mx\/Portal\/wp-json\/wp\/v2\/media\/243270"}],"wp:attachment":[{"href":"https:\/\/rnoticias.com.mx\/Portal\/wp-json\/wp\/v2\/media?parent=243269"}],"wp:term":[{"taxonomy":"category","embeddable":true,"href":"https:\/\/rnoticias.com.mx\/Portal\/wp-json\/wp\/v2\/categories?post=243269"},{"taxonomy":"post_tag","embeddable":true,"href":"https:\/\/rnoticias.com.mx\/Portal\/wp-json\/wp\/v2\/tags?post=243269"}],"curies":[{"name":"wp","href":"https:\/\/api.w.org\/{rel}","templated":true}]}}