{"id":243254,"date":"2026-01-30T17:31:11","date_gmt":"2026-01-31T00:31:11","guid":{"rendered":"https:\/\/rnoticias.com.mx\/Portal\/?p=243254"},"modified":"2026-01-30T17:31:11","modified_gmt":"2026-01-31T00:31:11","slug":"california-no-seria-lo-que-es-sin-los-paisanos-claudia-sheinbaum","status":"publish","type":"post","link":"https:\/\/rnoticias.com.mx\/Portal\/2026\/01\/30\/california-no-seria-lo-que-es-sin-los-paisanos-claudia-sheinbaum\/","title":{"rendered":"\u201cCalifornia no ser\u00eda lo que es sin los paisanos\u201d: Claudia Sheinbaum"},"content":{"rendered":"<p dir=\"ltr\">Durante la inauguraci\u00f3n de la primera etapa del viaducto elevado en Tijuana, la presidenta Claudia Sheinbaum dirigi\u00f3 un mensaje especial a las y los migrantes mexicanos que viven en Estados Unidos, a quienes expres\u00f3 su respaldo y reconocimiento desde la frontera norte del pa\u00eds.<\/p>\n<p>\u201cUn abrazo con todo nuestro cari\u00f1o a todas las paisanas y paisanos que est\u00e1n del otro lado de la frontera\u201d, dijo la mandataria, al destacar que los migrantes son h\u00e9roes y hero\u00ednas de la patria por el esfuerzo que realizan diariamente para apoyar a sus familias.<\/p>\n<p>Sheinbaum subray\u00f3 la importancia del trabajo de los mexicanos en el extranjero, se\u00f1alando que econom\u00edas como la de California no podr\u00edan sostenerse sin la participaci\u00f3n de los paisanos y paisanas que ah\u00ed laboran.<\/p>\n<p>En su mensaje, la presidenta afirm\u00f3 que el pueblo mexicano se distingue por valores fundamentales como el amor al pr\u00f3jimo, a la familia, a la naturaleza y a la patria, principios que, asegur\u00f3, acompa\u00f1an a los migrantes sin importar en qu\u00e9 pa\u00eds se encuentren.<\/p>\n<p>Finalmente, Claudia Sheinbaum reiter\u00f3 que M\u00e9xico es una naci\u00f3n libre, independiente y soberana, y sostuvo que las y los mexicanos, dentro y fuera del territorio nacional, han luchado hist\u00f3ricamente por la justicia social, la democracia y la libertad.<\/p>\n","protected":false},"excerpt":{"rendered":"<p>Durante la inauguraci\u00f3n de la primera etapa del viaducto elevado en Tijuana, la presidenta Claudia Sheinbaum dirigi\u00f3 un mensaje especial a las y los migrantes mexicanos que viven en Estados Unidos, a quienes expres\u00f3 su respaldo y reconocimiento desde la frontera norte del pa\u00eds. \u201cUn abrazo con todo nuestro cari\u00f1o a todas las paisanas y [&hellip;]<\/p>\n","protected":false},"author":2,"featured_media":243255,"comment_status":"closed","ping_status":"closed","sticky":false,"template":"","format":"standard","meta":{"footnotes":""},"categories":[12870,172],"tags":[12865,12874],"class_list":["post-243254","post","type-post","status-publish","format-standard","has-post-thumbnail","hentry","category-destacadas","category-nacional","tag-destacadas","tag-nacional"],"jetpack_featured_media_url":"https:\/\/rnoticias.com.mx\/Portal\/wp-content\/uploads\/2026\/01\/sheinbaum-camionetas-scjn.webp","amp_enabled":true,"_links":{"self":[{"href":"https:\/\/rnoticias.com.mx\/Portal\/wp-json\/wp\/v2\/posts\/243254","targetHints":{"allow":["GET"]}}],"collection":[{"href":"https:\/\/rnoticias.com.mx\/Portal\/wp-json\/wp\/v2\/posts"}],"about":[{"href":"https:\/\/rnoticias.com.mx\/Portal\/wp-json\/wp\/v2\/types\/post"}],"author":[{"embeddable":true,"href":"https:\/\/rnoticias.com.mx\/Portal\/wp-json\/wp\/v2\/users\/2"}],"replies":[{"embeddable":true,"href":"https:\/\/rnoticias.com.mx\/Portal\/wp-json\/wp\/v2\/comments?post=243254"}],"version-history":[{"count":1,"href":"https:\/\/rnoticias.com.mx\/Portal\/wp-json\/wp\/v2\/posts\/243254\/revisions"}],"predecessor-version":[{"id":243256,"href":"https:\/\/rnoticias.com.mx\/Portal\/wp-json\/wp\/v2\/posts\/243254\/revisions\/243256"}],"wp:featuredmedia":[{"embeddable":true,"href":"https:\/\/rnoticias.com.mx\/Portal\/wp-json\/wp\/v2\/media\/243255"}],"wp:attachment":[{"href":"https:\/\/rnoticias.com.mx\/Portal\/wp-json\/wp\/v2\/media?parent=243254"}],"wp:term":[{"taxonomy":"category","embeddable":true,"href":"https:\/\/rnoticias.com.mx\/Portal\/wp-json\/wp\/v2\/categories?post=243254"},{"taxonomy":"post_tag","embeddable":true,"href":"https:\/\/rnoticias.com.mx\/Portal\/wp-json\/wp\/v2\/tags?post=243254"}],"curies":[{"name":"wp","href":"https:\/\/api.w.org\/{rel}","templated":true}]}}