{"id":243137,"date":"2026-01-29T19:32:41","date_gmt":"2026-01-30T02:32:41","guid":{"rendered":"https:\/\/rnoticias.com.mx\/Portal\/?p=243137"},"modified":"2026-01-29T19:32:41","modified_gmt":"2026-01-30T02:32:41","slug":"congreso-de-sonora-renueva-convenio-de-colaboracion-con-la-universidad-de-sonora","status":"publish","type":"post","link":"https:\/\/rnoticias.com.mx\/Portal\/2026\/01\/29\/congreso-de-sonora-renueva-convenio-de-colaboracion-con-la-universidad-de-sonora\/","title":{"rendered":"Congreso de Sonora renueva convenio de colaboraci\u00f3n con la Universidad de Sonora"},"content":{"rendered":"<p>Hermosillo, Sonora; 29 de enero de 2026.- Con el prop\u00f3sito de sumar esfuerzos interinstitucionales y fortalecer el desarrollo integral del estado, el Congreso del Estado de Sonora renov\u00f3 el convenio de colaboraci\u00f3n que mantiene suscrito con la Universidad de Sonora (Unison).<\/p>\n<p>La diputada presidenta, Mar\u00eda Eduwiges Espinoza Tapia (Morena), destac\u00f3 la relevancia de la Universidad de Sonora como una instituci\u00f3n clave en la formaci\u00f3n de profesionistas y en la generaci\u00f3n de conocimiento al servicio de la sociedad sonorense.<\/p>\n<p>Por su parte, la rectora de la Universidad de Sonora, Dena Mar\u00eda Jes\u00fas Camarena G\u00f3mez, en compa\u00f1\u00eda del secretario general acad\u00e9mico, Enrique Bolado Mart\u00ednez, refrend\u00f3 el compromiso de la instituci\u00f3n para continuar colaborando de manera estrecha con el Congreso del Estado.<\/p>\n<p>El convenio establece las bases generales para promover acciones en materia de parlamento abierto, con el objetivo de socializar iniciativas, as\u00ed como brindar an\u00e1lisis y asesor\u00eda t\u00e9cnica en temas que contribuyan al mejor desempe\u00f1o de las funciones del Poder Legislativo y de la Universidad de Sonora.<\/p>\n<p>Mediante este acuerdo, el Congreso del Estado se compromete al intercambio de informaci\u00f3n y documentaci\u00f3n de car\u00e1cter acad\u00e9mico, cient\u00edfico y cultural, as\u00ed como a poner a disposici\u00f3n sus instalaciones para la realizaci\u00f3n de reuniones, eventos, capacitaciones y mesas de trabajo.<\/p>\n<p>Por su parte, la Universidad de Sonora participar\u00e1 en reuniones de trabajo, mesas redondas y encuentros a los que sea convocada; impulsar\u00e1 actividades que favorezcan la socializaci\u00f3n y el an\u00e1lisis de propuestas legislativas, adem\u00e1s de colaborar en la capacitaci\u00f3n del personal involucrado en los procesos de elaboraci\u00f3n de iniciativas.<\/p>\n","protected":false},"excerpt":{"rendered":"<p>Hermosillo, Sonora; 29 de enero de 2026.- Con el prop\u00f3sito de sumar esfuerzos interinstitucionales y fortalecer el desarrollo integral del estado, el Congreso del Estado de Sonora renov\u00f3 el convenio de colaboraci\u00f3n que mantiene suscrito con la Universidad de Sonora (Unison). La diputada presidenta, Mar\u00eda Eduwiges Espinoza Tapia (Morena), destac\u00f3 la relevancia de la Universidad [&hellip;]<\/p>\n","protected":false},"author":2,"featured_media":243138,"comment_status":"closed","ping_status":"closed","sticky":false,"template":"","format":"standard","meta":{"footnotes":""},"categories":[12870,12868],"tags":[12865,12879],"class_list":["post-243137","post","type-post","status-publish","format-standard","has-post-thumbnail","hentry","category-destacadas","category-politica","tag-destacadas","tag-politica"],"jetpack_featured_media_url":"https:\/\/rnoticias.com.mx\/Portal\/wp-content\/uploads\/2026\/01\/2000.jpg","amp_enabled":true,"_links":{"self":[{"href":"https:\/\/rnoticias.com.mx\/Portal\/wp-json\/wp\/v2\/posts\/243137","targetHints":{"allow":["GET"]}}],"collection":[{"href":"https:\/\/rnoticias.com.mx\/Portal\/wp-json\/wp\/v2\/posts"}],"about":[{"href":"https:\/\/rnoticias.com.mx\/Portal\/wp-json\/wp\/v2\/types\/post"}],"author":[{"embeddable":true,"href":"https:\/\/rnoticias.com.mx\/Portal\/wp-json\/wp\/v2\/users\/2"}],"replies":[{"embeddable":true,"href":"https:\/\/rnoticias.com.mx\/Portal\/wp-json\/wp\/v2\/comments?post=243137"}],"version-history":[{"count":1,"href":"https:\/\/rnoticias.com.mx\/Portal\/wp-json\/wp\/v2\/posts\/243137\/revisions"}],"predecessor-version":[{"id":243139,"href":"https:\/\/rnoticias.com.mx\/Portal\/wp-json\/wp\/v2\/posts\/243137\/revisions\/243139"}],"wp:featuredmedia":[{"embeddable":true,"href":"https:\/\/rnoticias.com.mx\/Portal\/wp-json\/wp\/v2\/media\/243138"}],"wp:attachment":[{"href":"https:\/\/rnoticias.com.mx\/Portal\/wp-json\/wp\/v2\/media?parent=243137"}],"wp:term":[{"taxonomy":"category","embeddable":true,"href":"https:\/\/rnoticias.com.mx\/Portal\/wp-json\/wp\/v2\/categories?post=243137"},{"taxonomy":"post_tag","embeddable":true,"href":"https:\/\/rnoticias.com.mx\/Portal\/wp-json\/wp\/v2\/tags?post=243137"}],"curies":[{"name":"wp","href":"https:\/\/api.w.org\/{rel}","templated":true}]}}