{"id":243134,"date":"2026-01-29T19:31:16","date_gmt":"2026-01-30T02:31:16","guid":{"rendered":"https:\/\/rnoticias.com.mx\/Portal\/?p=243134"},"modified":"2026-01-29T19:31:16","modified_gmt":"2026-01-30T02:31:16","slug":"gobierno-de-sonora-firma-convenio-con-banco-para-fortalecer-el-desarrollo-de-las-pyme-setur","status":"publish","type":"post","link":"https:\/\/rnoticias.com.mx\/Portal\/2026\/01\/29\/gobierno-de-sonora-firma-convenio-con-banco-para-fortalecer-el-desarrollo-de-las-pyme-setur\/","title":{"rendered":"Gobierno de Sonora firma convenio con banco para fortalecer el desarrollo de las PyME: SETUR"},"content":{"rendered":"<p>Hermosillo, Sonora; 29 de enero de 2026.- Con el objetivo de impulsar el desarrollo econ\u00f3mico y fortalecer a las micro, peque\u00f1as y medianas empresas del estado, el Gobierno de Sonora, a trav\u00e9s de la Secretar\u00eda de Econom\u00eda y Turismo (SETUR), firm\u00f3 un convenio de colaboraci\u00f3n con Banco Santander M\u00e9xico, S.A.<\/p>\n<p>El liderazgo, compromiso y trabajo del gobernador Alfonso Durazo permitir\u00e1 formalizar y establecer las condiciones mediante las cuales ambas partes implementar\u00e1n un conjunto de estrategias y acciones orientadas a fomentar el crecimiento, la competitividad y la profesionalizaci\u00f3n del sector PyME en Sonora.<\/p>\n<p>Durante la firma, el secretario de Econom\u00eda y Turismo del Estado, Roberto Gradillas Pineda, destac\u00f3 que este convenio es resultado de una pol\u00edtica econ\u00f3mica enfocada en el fortalecimiento de las empresas locales, mediante la generaci\u00f3n de alianzas estrat\u00e9gicas que impulsen su crecimiento y competitividad.<\/p>\n<p>\u201cEste convenio es una muestra clara del respaldo de nuestro gobernador Alfonso Durazo para que las PyME crezcan, se fortalezcan y se conviertan en motor del desarrollo econ\u00f3mico del estado\u201d, se\u00f1al\u00f3 Gradillas Pineda.<\/p>\n<p>Con este tipo de acciones, el Gobierno de Sonora refrenda su compromiso de trabajar de la mano con la iniciativa privada para generar un entorno favorable que impulse la inversi\u00f3n, la generaci\u00f3n de empleo y el desarrollo econ\u00f3mico sostenible en la entidad.<\/p>\n","protected":false},"excerpt":{"rendered":"<p>Hermosillo, Sonora; 29 de enero de 2026.- Con el objetivo de impulsar el desarrollo econ\u00f3mico y fortalecer a las micro, peque\u00f1as y medianas empresas del estado, el Gobierno de Sonora, a trav\u00e9s de la Secretar\u00eda de Econom\u00eda y Turismo (SETUR), firm\u00f3 un convenio de colaboraci\u00f3n con Banco Santander M\u00e9xico, S.A. El liderazgo, compromiso y trabajo [&hellip;]<\/p>\n","protected":false},"author":2,"featured_media":243135,"comment_status":"closed","ping_status":"closed","sticky":false,"template":"","format":"standard","meta":{"footnotes":""},"categories":[12870,178],"tags":[12865,12869],"class_list":["post-243134","post","type-post","status-publish","format-standard","has-post-thumbnail","hentry","category-destacadas","category-local","tag-destacadas","tag-local"],"jetpack_featured_media_url":"https:\/\/rnoticias.com.mx\/Portal\/wp-content\/uploads\/2026\/01\/unnamed-1-36.jpg","amp_enabled":true,"_links":{"self":[{"href":"https:\/\/rnoticias.com.mx\/Portal\/wp-json\/wp\/v2\/posts\/243134","targetHints":{"allow":["GET"]}}],"collection":[{"href":"https:\/\/rnoticias.com.mx\/Portal\/wp-json\/wp\/v2\/posts"}],"about":[{"href":"https:\/\/rnoticias.com.mx\/Portal\/wp-json\/wp\/v2\/types\/post"}],"author":[{"embeddable":true,"href":"https:\/\/rnoticias.com.mx\/Portal\/wp-json\/wp\/v2\/users\/2"}],"replies":[{"embeddable":true,"href":"https:\/\/rnoticias.com.mx\/Portal\/wp-json\/wp\/v2\/comments?post=243134"}],"version-history":[{"count":1,"href":"https:\/\/rnoticias.com.mx\/Portal\/wp-json\/wp\/v2\/posts\/243134\/revisions"}],"predecessor-version":[{"id":243136,"href":"https:\/\/rnoticias.com.mx\/Portal\/wp-json\/wp\/v2\/posts\/243134\/revisions\/243136"}],"wp:featuredmedia":[{"embeddable":true,"href":"https:\/\/rnoticias.com.mx\/Portal\/wp-json\/wp\/v2\/media\/243135"}],"wp:attachment":[{"href":"https:\/\/rnoticias.com.mx\/Portal\/wp-json\/wp\/v2\/media?parent=243134"}],"wp:term":[{"taxonomy":"category","embeddable":true,"href":"https:\/\/rnoticias.com.mx\/Portal\/wp-json\/wp\/v2\/categories?post=243134"},{"taxonomy":"post_tag","embeddable":true,"href":"https:\/\/rnoticias.com.mx\/Portal\/wp-json\/wp\/v2\/tags?post=243134"}],"curies":[{"name":"wp","href":"https:\/\/api.w.org\/{rel}","templated":true}]}}