{"id":243122,"date":"2026-01-29T19:26:45","date_gmt":"2026-01-30T02:26:45","guid":{"rendered":"https:\/\/rnoticias.com.mx\/Portal\/?p=243122"},"modified":"2026-01-29T19:26:45","modified_gmt":"2026-01-30T02:26:45","slug":"tren-maya-comienza-en-europa-la-venta-internacional-de-boletos","status":"publish","type":"post","link":"https:\/\/rnoticias.com.mx\/Portal\/2026\/01\/29\/tren-maya-comienza-en-europa-la-venta-internacional-de-boletos\/","title":{"rendered":"Tren Maya comienza en Europa la venta internacional de boletos"},"content":{"rendered":"<p>El\u00a0<strong>Tren Maya<\/strong>, el megaproyecto ferroviario del\u00a0<strong>sureste mexicano<\/strong>, comenzar\u00e1 el 1 de febrero la\u00a0<strong>venta de boletos<\/strong>\u00a0en\u00a0<strong>Europa<\/strong>, a trav\u00e9s de la\u00a0<strong>plataforma de transporte Flix<\/strong>, seg\u00fan anunci\u00f3 la\u00a0<strong>Secretar\u00eda de Turismo<\/strong>.<\/p>\n<p>Hasta ahora, el Tren Maya solo comercializaba billetes en\u00a0<strong>M\u00e9xico<\/strong>, y ahora, con esta alianza, abrir\u00e1 por primera vez su\u00a0<strong>venta internacional<\/strong>\u00a0en el mercado europeo, destac\u00f3 Turismo, en un comunicado.<\/p>\n<p>La titular de Turismo, Josefina Rodr\u00edguez Zamora, explic\u00f3 que la venta de boletos se realizar\u00e1 a trav\u00e9s de los canales digitales y puntos de venta de la plataforma Flix, con viajes disponibles a partir del pr\u00f3ximo 1 de febrero. Resalt\u00f3 que esta alianza permitir\u00e1 a\u00a0<strong>viajeros internacionales<\/strong>\u00a0organizar con mayor anticipaci\u00f3n sus recorridos por el sureste mexicano.<\/p>\n<p>Por su parte, el director general del Tren Maya, \u00d3scar David Lozano, se\u00f1al\u00f3 que la alianza tambi\u00e9n busca redistribuir el flujo tur\u00edstico hacia comunidades locales y fortalecer el\u00a0<strong>turismo comunitario<\/strong>.<\/p>\n<p>&nbsp;<\/p>\n","protected":false},"excerpt":{"rendered":"<p>El\u00a0Tren Maya, el megaproyecto ferroviario del\u00a0sureste mexicano, comenzar\u00e1 el 1 de febrero la\u00a0venta de boletos\u00a0en\u00a0Europa, a trav\u00e9s de la\u00a0plataforma de transporte Flix, seg\u00fan anunci\u00f3 la\u00a0Secretar\u00eda de Turismo. Hasta ahora, el Tren Maya solo comercializaba billetes en\u00a0M\u00e9xico, y ahora, con esta alianza, abrir\u00e1 por primera vez su\u00a0venta internacional\u00a0en el mercado europeo, destac\u00f3 Turismo, en un comunicado. [&hellip;]<\/p>\n","protected":false},"author":2,"featured_media":243123,"comment_status":"closed","ping_status":"closed","sticky":false,"template":"","format":"standard","meta":{"footnotes":""},"categories":[12870,172],"tags":[12865,12874],"class_list":["post-243122","post","type-post","status-publish","format-standard","has-post-thumbnail","hentry","category-destacadas","category-nacional","tag-destacadas","tag-nacional"],"jetpack_featured_media_url":"https:\/\/rnoticias.com.mx\/Portal\/wp-content\/uploads\/2026\/01\/85278104932c88b2029e75fd0838014b.webp","amp_enabled":true,"_links":{"self":[{"href":"https:\/\/rnoticias.com.mx\/Portal\/wp-json\/wp\/v2\/posts\/243122","targetHints":{"allow":["GET"]}}],"collection":[{"href":"https:\/\/rnoticias.com.mx\/Portal\/wp-json\/wp\/v2\/posts"}],"about":[{"href":"https:\/\/rnoticias.com.mx\/Portal\/wp-json\/wp\/v2\/types\/post"}],"author":[{"embeddable":true,"href":"https:\/\/rnoticias.com.mx\/Portal\/wp-json\/wp\/v2\/users\/2"}],"replies":[{"embeddable":true,"href":"https:\/\/rnoticias.com.mx\/Portal\/wp-json\/wp\/v2\/comments?post=243122"}],"version-history":[{"count":1,"href":"https:\/\/rnoticias.com.mx\/Portal\/wp-json\/wp\/v2\/posts\/243122\/revisions"}],"predecessor-version":[{"id":243124,"href":"https:\/\/rnoticias.com.mx\/Portal\/wp-json\/wp\/v2\/posts\/243122\/revisions\/243124"}],"wp:featuredmedia":[{"embeddable":true,"href":"https:\/\/rnoticias.com.mx\/Portal\/wp-json\/wp\/v2\/media\/243123"}],"wp:attachment":[{"href":"https:\/\/rnoticias.com.mx\/Portal\/wp-json\/wp\/v2\/media?parent=243122"}],"wp:term":[{"taxonomy":"category","embeddable":true,"href":"https:\/\/rnoticias.com.mx\/Portal\/wp-json\/wp\/v2\/categories?post=243122"},{"taxonomy":"post_tag","embeddable":true,"href":"https:\/\/rnoticias.com.mx\/Portal\/wp-json\/wp\/v2\/tags?post=243122"}],"curies":[{"name":"wp","href":"https:\/\/api.w.org\/{rel}","templated":true}]}}