{"id":243049,"date":"2026-01-29T18:00:03","date_gmt":"2026-01-30T01:00:03","guid":{"rendered":"https:\/\/rnoticias.com.mx\/Portal\/?p=243049"},"modified":"2026-01-29T18:00:03","modified_gmt":"2026-01-30T01:00:03","slug":"fiesta-en-sonora-con-el-bacanora-celebrara-su-primera-edicion-en-hermosillo","status":"publish","type":"post","link":"https:\/\/rnoticias.com.mx\/Portal\/2026\/01\/29\/fiesta-en-sonora-con-el-bacanora-celebrara-su-primera-edicion-en-hermosillo\/","title":{"rendered":"Fiesta en Sonora con el Bacanora celebrar\u00e1 su primera edici\u00f3n en Hermosillo"},"content":{"rendered":"<p>Hermosillo, Sonora. Con el objetivo de posicionar al bacanora como un \u00edcono cultural, tur\u00edstico y gastron\u00f3mico del estado, los d\u00edas 13 y 14 de febrero se realizar\u00e1 en Hermosillo la primera edici\u00f3n de Fiesta en Sonora con el Bacanora, evento que tendr\u00e1 como sede el Expo Forum.<\/p>\n<p>Pavel Dennis Qui\u00f1ones y Benjam\u00edn Soto, integrantes del comit\u00e9 organizador, se\u00f1alaron que esta celebraci\u00f3n nace del esfuerzo conjunto de productores y empresarios sonorenses que buscan abrir m\u00e1s espacios a esta bebida con denominaci\u00f3n de origen y romper los tab\u00faes que a\u00fan existen en torno a su consumo.<\/p>\n<p>&nbsp;<\/p>\n<p>\u201cEl evento contar\u00e1 con la participaci\u00f3n de aproximadamente 20 marcas de bacanora, adem\u00e1s de una amplia oferta de actividades culturales, gastron\u00f3micas y recreativas. Habr\u00e1 exposici\u00f3n de productores regionales, artesan\u00edas, competencia de mixolog\u00eda, muestras gastron\u00f3micas y presentaciones de grupos locales, as\u00ed como din\u00e1micas enfocadas en promover el consumo responsable y creativo del destilado sonorense\u201d, inform\u00f3 Dennis Qui\u00f1onez.<\/p>\n<p>&nbsp;<\/p>\n<p>En el \u00e1mbito musical, detallaron, que el viernes 13 se realizar\u00e1 un baile que incluir\u00e1 la presentaci\u00f3n de Tropical\u00edsimo Apache y otros artistas, con un c\u00f3ctel de bacanora incluido en el acceso. Para el s\u00e1bado 14 se tiene programado un cartel encabezado por Madafakers, Chuy Vega Jr. y Element, entre otros.<\/p>\n<p>&nbsp;<\/p>\n<p>Los organizadores destacaron que el bacanora representa m\u00e1s de 300 a\u00f1os de historia y es la \u00fanica denominaci\u00f3n de origen con la que cuenta Sonora, por lo que buscan que este festival se consolide como un evento anual y, a futuro, pueda llevarse a otras regiones del pa\u00eds e incluso al extranjero. Las actividades se desarrollar\u00e1n de las 15:00 a las 02:00 horas y los boletos est\u00e1n disponibles en XTicket.mx.<\/p>\n","protected":false},"excerpt":{"rendered":"<p>Hermosillo, Sonora. Con el objetivo de posicionar al bacanora como un \u00edcono cultural, tur\u00edstico y gastron\u00f3mico del estado, los d\u00edas 13 y 14 de febrero se realizar\u00e1 en Hermosillo la primera edici\u00f3n de Fiesta en Sonora con el Bacanora, evento que tendr\u00e1 como sede el Expo Forum. Pavel Dennis Qui\u00f1ones y Benjam\u00edn Soto, integrantes del [&hellip;]<\/p>\n","protected":false},"author":2,"featured_media":243050,"comment_status":"closed","ping_status":"closed","sticky":false,"template":"","format":"standard","meta":{"footnotes":""},"categories":[12870,178],"tags":[12865,12869],"class_list":["post-243049","post","type-post","status-publish","format-standard","has-post-thumbnail","hentry","category-destacadas","category-local","tag-destacadas","tag-local"],"jetpack_featured_media_url":"https:\/\/rnoticias.com.mx\/Portal\/wp-content\/uploads\/2026\/01\/31-1.jpg","amp_enabled":true,"_links":{"self":[{"href":"https:\/\/rnoticias.com.mx\/Portal\/wp-json\/wp\/v2\/posts\/243049","targetHints":{"allow":["GET"]}}],"collection":[{"href":"https:\/\/rnoticias.com.mx\/Portal\/wp-json\/wp\/v2\/posts"}],"about":[{"href":"https:\/\/rnoticias.com.mx\/Portal\/wp-json\/wp\/v2\/types\/post"}],"author":[{"embeddable":true,"href":"https:\/\/rnoticias.com.mx\/Portal\/wp-json\/wp\/v2\/users\/2"}],"replies":[{"embeddable":true,"href":"https:\/\/rnoticias.com.mx\/Portal\/wp-json\/wp\/v2\/comments?post=243049"}],"version-history":[{"count":1,"href":"https:\/\/rnoticias.com.mx\/Portal\/wp-json\/wp\/v2\/posts\/243049\/revisions"}],"predecessor-version":[{"id":243051,"href":"https:\/\/rnoticias.com.mx\/Portal\/wp-json\/wp\/v2\/posts\/243049\/revisions\/243051"}],"wp:featuredmedia":[{"embeddable":true,"href":"https:\/\/rnoticias.com.mx\/Portal\/wp-json\/wp\/v2\/media\/243050"}],"wp:attachment":[{"href":"https:\/\/rnoticias.com.mx\/Portal\/wp-json\/wp\/v2\/media?parent=243049"}],"wp:term":[{"taxonomy":"category","embeddable":true,"href":"https:\/\/rnoticias.com.mx\/Portal\/wp-json\/wp\/v2\/categories?post=243049"},{"taxonomy":"post_tag","embeddable":true,"href":"https:\/\/rnoticias.com.mx\/Portal\/wp-json\/wp\/v2\/tags?post=243049"}],"curies":[{"name":"wp","href":"https:\/\/api.w.org\/{rel}","templated":true}]}}