{"id":243034,"date":"2026-01-29T15:44:41","date_gmt":"2026-01-29T22:44:41","guid":{"rendered":"https:\/\/rnoticias.com.mx\/Portal\/?p=243034"},"modified":"2026-01-29T15:44:41","modified_gmt":"2026-01-29T22:44:41","slug":"goobierno-de-sonora-invita-a-disfrutar-un-fin-de-semana-de-actividades-culturales-recreativas-y-ambientales-en-la-sauceda","status":"publish","type":"post","link":"https:\/\/rnoticias.com.mx\/Portal\/2026\/01\/29\/goobierno-de-sonora-invita-a-disfrutar-un-fin-de-semana-de-actividades-culturales-recreativas-y-ambientales-en-la-sauceda\/","title":{"rendered":"Goobierno de Sonora invita a disfrutar un fin de semana de actividades culturales, recreativas y ambientales en La Sauceda"},"content":{"rendered":"<p>Hermosillo, Sonora; 29 de enero de 2026.\u2013 El Gobierno de Sonora invita a la comunidad a participar en las diversas actividades que se llevar\u00e1n a cabo este fin de semana en el Bosque Urbano La Sauceda, un espacio de encuentro que promueve el bienestar, la cultura, el aprendizaje y el cuidado del medio ambiente para personas de todas las edades.<\/p>\n<p>La programaci\u00f3n inicia el viernes 30 de enero con Yoga al atardecer, una actividad para todas las edades que se realizar\u00e1 en el Pabell\u00f3n Kin\u00e9tico, as\u00ed como la charla Econversando: \u201cEntre islas y el mar: de focas a ballenas\u201d, enfocada en la divulgaci\u00f3n cient\u00edfica sobre mam\u00edferos marinos, en el Kiosco Central.<\/p>\n<p>El s\u00e1bado 31 de enero, desde temprana hora, se llevar\u00e1 a cabo la Jornada de conservaci\u00f3n y limpieza del bosque, as\u00ed como el taller de cer\u00e1mica, con cupo limitado, en la entrada al foro al aire libre. Adem\u00e1s, se realizar\u00e1n actividades infantiles como Peque\u00f1os guardabosques: avistamiento de aves, en el Humedal.<\/p>\n<p>Por su parte, el taller Cambia tu Mundo creando con Stop Motion, dirigido a ni\u00f1as, ni\u00f1os y adolescentes, se llevar\u00e1 a cabo en el Kiosco Central, al igual que la charla de salud mental \u201cProp\u00f3sitos 2026. \u00bfQu\u00e9 haremos en este a\u00f1o?\u201d.<\/p>\n<p>La programaci\u00f3n contin\u00faa el domingo, con una nueva jornada de conservaci\u00f3n, taller de cer\u00e1mica, bazar cultural con propuestas art\u00edsticas y de emprendimiento local, y el ya tradicional Domingo Chill, que cerrar\u00e1 la jornada con el concierto \u201cCerca del coraz\u00f3n\u201d, en el foro al aire libre, con la participaci\u00f3n de artistas sonorenses.<\/p>\n<p>Todas las actividades, de acceso gratuito, se llevar\u00e1n a cabo en el Bosque Urbano La Sauceda, un punto de encuentro para la comunidad donde el Gobierno de Sonora impulsa la convivencia, la cultura y el cuidado del entorno natural.<\/p>\n","protected":false},"excerpt":{"rendered":"<p>Hermosillo, Sonora; 29 de enero de 2026.\u2013 El Gobierno de Sonora invita a la comunidad a participar en las diversas actividades que se llevar\u00e1n a cabo este fin de semana en el Bosque Urbano La Sauceda, un espacio de encuentro que promueve el bienestar, la cultura, el aprendizaje y el cuidado del medio ambiente para [&hellip;]<\/p>\n","protected":false},"author":2,"featured_media":243035,"comment_status":"closed","ping_status":"closed","sticky":false,"template":"","format":"standard","meta":{"footnotes":""},"categories":[12870,178],"tags":[12865,12869],"class_list":["post-243034","post","type-post","status-publish","format-standard","has-post-thumbnail","hentry","category-destacadas","category-local","tag-destacadas","tag-local"],"jetpack_featured_media_url":"https:\/\/rnoticias.com.mx\/Portal\/wp-content\/uploads\/2026\/01\/unnamed-71.jpg","amp_enabled":true,"_links":{"self":[{"href":"https:\/\/rnoticias.com.mx\/Portal\/wp-json\/wp\/v2\/posts\/243034","targetHints":{"allow":["GET"]}}],"collection":[{"href":"https:\/\/rnoticias.com.mx\/Portal\/wp-json\/wp\/v2\/posts"}],"about":[{"href":"https:\/\/rnoticias.com.mx\/Portal\/wp-json\/wp\/v2\/types\/post"}],"author":[{"embeddable":true,"href":"https:\/\/rnoticias.com.mx\/Portal\/wp-json\/wp\/v2\/users\/2"}],"replies":[{"embeddable":true,"href":"https:\/\/rnoticias.com.mx\/Portal\/wp-json\/wp\/v2\/comments?post=243034"}],"version-history":[{"count":1,"href":"https:\/\/rnoticias.com.mx\/Portal\/wp-json\/wp\/v2\/posts\/243034\/revisions"}],"predecessor-version":[{"id":243036,"href":"https:\/\/rnoticias.com.mx\/Portal\/wp-json\/wp\/v2\/posts\/243034\/revisions\/243036"}],"wp:featuredmedia":[{"embeddable":true,"href":"https:\/\/rnoticias.com.mx\/Portal\/wp-json\/wp\/v2\/media\/243035"}],"wp:attachment":[{"href":"https:\/\/rnoticias.com.mx\/Portal\/wp-json\/wp\/v2\/media?parent=243034"}],"wp:term":[{"taxonomy":"category","embeddable":true,"href":"https:\/\/rnoticias.com.mx\/Portal\/wp-json\/wp\/v2\/categories?post=243034"},{"taxonomy":"post_tag","embeddable":true,"href":"https:\/\/rnoticias.com.mx\/Portal\/wp-json\/wp\/v2\/tags?post=243034"}],"curies":[{"name":"wp","href":"https:\/\/api.w.org\/{rel}","templated":true}]}}