{"id":243010,"date":"2026-01-29T13:26:55","date_gmt":"2026-01-29T20:26:55","guid":{"rendered":"https:\/\/rnoticias.com.mx\/Portal\/?p=243010"},"modified":"2026-01-29T13:26:55","modified_gmt":"2026-01-29T20:26:55","slug":"estudiantes-de-conalep-buscan-su-pase-a-la-olimpiada-nacional-conade-2026-gobierno-de-sonora","status":"publish","type":"post","link":"https:\/\/rnoticias.com.mx\/Portal\/2026\/01\/29\/estudiantes-de-conalep-buscan-su-pase-a-la-olimpiada-nacional-conade-2026-gobierno-de-sonora\/","title":{"rendered":"Estudiantes de Conalep buscan su pase a la Olimpiada Nacional Conade 2026: Gobierno de Sonora"},"content":{"rendered":"<p>San Luis R\u00edo Colorado, Sonora; 29 de enero de 2026.- Cinco estudiantes del Colegio de Educaci\u00f3n Profesional T\u00e9cnica del Estado de Sonora (Conalep), plantel San Luis R\u00edo Colorado, participar\u00e1n en el proceso clasificatorio rumbo a la Olimpiada Nacional Conade 2026, compitiendo en eventos selectivos convocados por la Federaci\u00f3n Karate M\u00e9xico, con miras a formar parte de justas nacionales e internacionales.<\/p>\n<p>Como parte de este proceso, competir\u00e1n en el Selectivo Estatal de Karate, que se llevar\u00e1 a cabo los d\u00edas 20 y 21 de febrero de 2026 en Ciudad Obreg\u00f3n, Sonora, evento que reunir\u00e1 a los mejores exponentes del estado y que forma parte del proceso oficial rumbo a la Olimpiada Nacional Conade.<\/p>\n<p>La directora general de Conalep Sonora, Luisa Cristina Rodr\u00edguez Ibarra, destac\u00f3 que la participaci\u00f3n del alumnado en este tipo de procesos fortalece su formaci\u00f3n integral, al fomentar valores como la disciplina, la constancia y el alto rendimiento, adem\u00e1s de proyectar el talento juvenil sonorense en escenarios de alto nivel.<\/p>\n<p>Las y los alumnos que representan al plantel en este importante proceso deportivo son:<\/p>\n<p>* Heidi Victoria Villarreal L\u00f3pez, 4.\u00ba semestre, carrera de Asistente Directivo.<\/p>\n<p>* Emmanuel Viera Hern\u00e1ndez, 6.\u00ba semestre, Refrigeraci\u00f3n y Climatizaci\u00f3n.<\/p>\n<p>* Kevin Roberto Rangel Mora, grupo 609, Refrigeraci\u00f3n.<\/p>\n<p>* Hern\u00e1ndez Ruiz Josu\u00e9 Gabriel, grupo 418, Refrigeraci\u00f3n y Climatizaci\u00f3n.<\/p>\n<p>* Violet Aylin Romero D\u00edaz, grupo 207, Enfermer\u00eda.<\/p>\n<p>Adem\u00e1s, los alumnos Emmanuel Viera Hern\u00e1ndez y Kevin Roberto Rangel Mora avanzaron al Primer Selectivo Nacional, que se realizar\u00e1 del 5 al 8 de febrero de 2026 en Oaxtepec, Morelos, en las instalaciones del Club Dorados Oaxtepec.<\/p>\n<p>Este encuentro es considerado uno de los escenarios de mayor nivel competitivo en la regi\u00f3n y el primero clasificatorio del a\u00f1o. Los resultados de esta fase ser\u00e1n determinantes para la clasificaci\u00f3n nacional y la conformaci\u00f3n de representaciones internacionales.<\/p>\n<p>Las y los estudiantes son entrenados por el maestro Emmanuel Viera Verd\u00edn, docente de Matem\u00e1ticas en Conalep San Luis R\u00edo Colorado y entrenador de karate, quien ha sido una pieza clave en su formaci\u00f3n deportiva y en el desarrollo de sus habilidades competitivas.<\/p>\n","protected":false},"excerpt":{"rendered":"<p>San Luis R\u00edo Colorado, Sonora; 29 de enero de 2026.- Cinco estudiantes del Colegio de Educaci\u00f3n Profesional T\u00e9cnica del Estado de Sonora (Conalep), plantel San Luis R\u00edo Colorado, participar\u00e1n en el proceso clasificatorio rumbo a la Olimpiada Nacional Conade 2026, compitiendo en eventos selectivos convocados por la Federaci\u00f3n Karate M\u00e9xico, con miras a formar parte [&hellip;]<\/p>\n","protected":false},"author":2,"featured_media":243011,"comment_status":"closed","ping_status":"closed","sticky":false,"template":"","format":"standard","meta":{"footnotes":""},"categories":[188,12870],"tags":[5231,12865],"class_list":["post-243010","post","type-post","status-publish","format-standard","has-post-thumbnail","hentry","category-deportes","category-destacadas","tag-deportes","tag-destacadas"],"jetpack_featured_media_url":"https:\/\/rnoticias.com.mx\/Portal\/wp-content\/uploads\/2026\/01\/44.jpg","amp_enabled":true,"_links":{"self":[{"href":"https:\/\/rnoticias.com.mx\/Portal\/wp-json\/wp\/v2\/posts\/243010","targetHints":{"allow":["GET"]}}],"collection":[{"href":"https:\/\/rnoticias.com.mx\/Portal\/wp-json\/wp\/v2\/posts"}],"about":[{"href":"https:\/\/rnoticias.com.mx\/Portal\/wp-json\/wp\/v2\/types\/post"}],"author":[{"embeddable":true,"href":"https:\/\/rnoticias.com.mx\/Portal\/wp-json\/wp\/v2\/users\/2"}],"replies":[{"embeddable":true,"href":"https:\/\/rnoticias.com.mx\/Portal\/wp-json\/wp\/v2\/comments?post=243010"}],"version-history":[{"count":1,"href":"https:\/\/rnoticias.com.mx\/Portal\/wp-json\/wp\/v2\/posts\/243010\/revisions"}],"predecessor-version":[{"id":243012,"href":"https:\/\/rnoticias.com.mx\/Portal\/wp-json\/wp\/v2\/posts\/243010\/revisions\/243012"}],"wp:featuredmedia":[{"embeddable":true,"href":"https:\/\/rnoticias.com.mx\/Portal\/wp-json\/wp\/v2\/media\/243011"}],"wp:attachment":[{"href":"https:\/\/rnoticias.com.mx\/Portal\/wp-json\/wp\/v2\/media?parent=243010"}],"wp:term":[{"taxonomy":"category","embeddable":true,"href":"https:\/\/rnoticias.com.mx\/Portal\/wp-json\/wp\/v2\/categories?post=243010"},{"taxonomy":"post_tag","embeddable":true,"href":"https:\/\/rnoticias.com.mx\/Portal\/wp-json\/wp\/v2\/tags?post=243010"}],"curies":[{"name":"wp","href":"https:\/\/api.w.org\/{rel}","templated":true}]}}