{"id":243007,"date":"2026-01-29T13:26:05","date_gmt":"2026-01-29T20:26:05","guid":{"rendered":"https:\/\/rnoticias.com.mx\/Portal\/?p=243007"},"modified":"2026-01-29T13:26:05","modified_gmt":"2026-01-29T20:26:05","slug":"se-suma-gobierno-de-sonora-a-red-nacional-de-jardines-etnobiologicos-uthermosillo","status":"publish","type":"post","link":"https:\/\/rnoticias.com.mx\/Portal\/2026\/01\/29\/se-suma-gobierno-de-sonora-a-red-nacional-de-jardines-etnobiologicos-uthermosillo\/","title":{"rendered":"Se suma Gobierno de Sonora a Red Nacional de Jardines Etnobiol\u00f3gicos: UTHermosillo"},"content":{"rendered":"<p>Hermosillo, Sonora; 29 de enero de 2026.- A trav\u00e9s de la construcci\u00f3n de un humedal artificial en la Universidad Tecnol\u00f3gica de Hermosillo (UTH), el Gobierno de Sonora se suma a la Red Nacional de Jardines Etnobiol\u00f3gicos que impulsa el Gobierno de M\u00e9xico a trav\u00e9s de la Secretar\u00eda de Ciencia, Humanidades, Tecnolog\u00eda e Innovaci\u00f3n (Secihti).<\/p>\n<p>El proyecto, dirigido por el investigador Carlos Castillo, reafirma el compromiso de la instituci\u00f3n con el cuidado del medio ambiente y la sostenibilidad, al impulsar acciones que contribuyen a mitigar los efectos del cambio clim\u00e1tico a nivel global.<\/p>\n<p>El rector de la UTH, Abel Leyva Castellanos, destac\u00f3 que se busca fortalecer la cultura del cuidado ambiental entre las nuevas generaciones, mediante acciones significativas como la construcci\u00f3n de dicho humedal, destinado a favorecer a la fauna que habita en el entorno.<\/p>\n<p>\u201cNos va a permitir tener un cuerpo de agua para generar un encuentro ecosist\u00e9mico con la fauna local que habita los alrededores del campus universitario, como jabal\u00edes, coyotes, liebres, conejos y algunas aves, manteniendo la relaci\u00f3n con la naturaleza\u201d, enfatiz\u00f3.<\/p>\n<p>El humedal contar\u00e1 con una geomembrana especial en la zona inferior que impedir\u00e1 la filtraci\u00f3n del agua hacia el subsuelo, permitiendo su conservaci\u00f3n, la llegada de fauna y el encuentro de la comunidad escolar con una nueva interpretaci\u00f3n de la naturaleza.<\/p>\n","protected":false},"excerpt":{"rendered":"<p>Hermosillo, Sonora; 29 de enero de 2026.- A trav\u00e9s de la construcci\u00f3n de un humedal artificial en la Universidad Tecnol\u00f3gica de Hermosillo (UTH), el Gobierno de Sonora se suma a la Red Nacional de Jardines Etnobiol\u00f3gicos que impulsa el Gobierno de M\u00e9xico a trav\u00e9s de la Secretar\u00eda de Ciencia, Humanidades, Tecnolog\u00eda e Innovaci\u00f3n (Secihti). El [&hellip;]<\/p>\n","protected":false},"author":2,"featured_media":243008,"comment_status":"closed","ping_status":"closed","sticky":false,"template":"","format":"standard","meta":{"footnotes":""},"categories":[12870,178],"tags":[12865,12869],"class_list":["post-243007","post","type-post","status-publish","format-standard","has-post-thumbnail","hentry","category-destacadas","category-local","tag-destacadas","tag-local"],"jetpack_featured_media_url":"https:\/\/rnoticias.com.mx\/Portal\/wp-content\/uploads\/2026\/01\/55-6.jpg","amp_enabled":true,"_links":{"self":[{"href":"https:\/\/rnoticias.com.mx\/Portal\/wp-json\/wp\/v2\/posts\/243007","targetHints":{"allow":["GET"]}}],"collection":[{"href":"https:\/\/rnoticias.com.mx\/Portal\/wp-json\/wp\/v2\/posts"}],"about":[{"href":"https:\/\/rnoticias.com.mx\/Portal\/wp-json\/wp\/v2\/types\/post"}],"author":[{"embeddable":true,"href":"https:\/\/rnoticias.com.mx\/Portal\/wp-json\/wp\/v2\/users\/2"}],"replies":[{"embeddable":true,"href":"https:\/\/rnoticias.com.mx\/Portal\/wp-json\/wp\/v2\/comments?post=243007"}],"version-history":[{"count":1,"href":"https:\/\/rnoticias.com.mx\/Portal\/wp-json\/wp\/v2\/posts\/243007\/revisions"}],"predecessor-version":[{"id":243009,"href":"https:\/\/rnoticias.com.mx\/Portal\/wp-json\/wp\/v2\/posts\/243007\/revisions\/243009"}],"wp:featuredmedia":[{"embeddable":true,"href":"https:\/\/rnoticias.com.mx\/Portal\/wp-json\/wp\/v2\/media\/243008"}],"wp:attachment":[{"href":"https:\/\/rnoticias.com.mx\/Portal\/wp-json\/wp\/v2\/media?parent=243007"}],"wp:term":[{"taxonomy":"category","embeddable":true,"href":"https:\/\/rnoticias.com.mx\/Portal\/wp-json\/wp\/v2\/categories?post=243007"},{"taxonomy":"post_tag","embeddable":true,"href":"https:\/\/rnoticias.com.mx\/Portal\/wp-json\/wp\/v2\/tags?post=243007"}],"curies":[{"name":"wp","href":"https:\/\/api.w.org\/{rel}","templated":true}]}}