{"id":242958,"date":"2026-01-28T22:32:13","date_gmt":"2026-01-29T05:32:13","guid":{"rendered":"https:\/\/rnoticias.com.mx\/Portal\/?p=242958"},"modified":"2026-01-28T22:32:13","modified_gmt":"2026-01-29T05:32:13","slug":"claudia-sheinbaum-se-reune-con-directivos-del-sector-automotor-en-palacio-nacional","status":"publish","type":"post","link":"https:\/\/rnoticias.com.mx\/Portal\/2026\/01\/28\/claudia-sheinbaum-se-reune-con-directivos-del-sector-automotor-en-palacio-nacional\/","title":{"rendered":"Claudia Sheinbaum se re\u00fane con directivos del sector automotor en Palacio Nacional"},"content":{"rendered":"<p>La presidenta de M\u00e9xico,\u00a0Claudia Sheinbaum Pardo,<strong>\u00a0encabez\u00f3 en\u00a0Palacio Nacional\u00a0una reuni\u00f3n con\u00a0directores ejecutivos de la industria automotriz, sector que aporta\u00a04.5 por ciento al Producto Interno Bruto<\/strong>\u00a0(PIB)\u00a0del pa\u00eds y es clave para el desarrollo econ\u00f3mico nacional.<\/p>\n<p>Sheinbaum Pardo inform\u00f3 que, a trav\u00e9s de una\u00a0comisi\u00f3n intersecretarial, el Gobierno de M\u00e9xico<strong>\u00a0avanza en la construcci\u00f3n de un\u00a0plan integral\u00a0que permita fortalecer a la industria automotriz, impulsar la inversi\u00f3n y consolidar su papel estrat\u00e9gico dentro de la econom\u00eda mexicana.<\/strong><\/p>\n<p>En el encuentro, se abordaron temas relacionados con la competitividad, la coordinaci\u00f3n entre dependencias federales y el di\u00e1logo permanente con el\u00a0sector privado, con el objetivo de mantener a M\u00e9xico como uno de los principales productores automotrices a nivel internacional.<\/p>\n<p>Destac\u00f3 la presidenta de\u00a0<strong>M\u00e9xico la importancia de trabajar de manera conjunta para generar certidumbre, crecimiento econ\u00f3mico y empleo, en un contexto de transformaci\u00f3n y modernizaci\u00f3n industrial.<\/strong><\/p>\n<p>Fuente: Milenio<\/p>\n","protected":false},"excerpt":{"rendered":"<p>La presidenta de M\u00e9xico,\u00a0Claudia Sheinbaum Pardo,\u00a0encabez\u00f3 en\u00a0Palacio Nacional\u00a0una reuni\u00f3n con\u00a0directores ejecutivos de la industria automotriz, sector que aporta\u00a04.5 por ciento al Producto Interno Bruto\u00a0(PIB)\u00a0del pa\u00eds y es clave para el desarrollo econ\u00f3mico nacional. Sheinbaum Pardo inform\u00f3 que, a trav\u00e9s de una\u00a0comisi\u00f3n intersecretarial, el Gobierno de M\u00e9xico\u00a0avanza en la construcci\u00f3n de un\u00a0plan integral\u00a0que permita fortalecer a [&hellip;]<\/p>\n","protected":false},"author":2,"featured_media":242959,"comment_status":"closed","ping_status":"closed","sticky":false,"template":"","format":"standard","meta":{"footnotes":""},"categories":[12870,172],"tags":[12865,12874],"class_list":["post-242958","post","type-post","status-publish","format-standard","has-post-thumbnail","hentry","category-destacadas","category-nacional","tag-destacadas","tag-nacional"],"jetpack_featured_media_url":"https:\/\/rnoticias.com.mx\/Portal\/wp-content\/uploads\/2026\/01\/697ad9520b704.webp","amp_enabled":true,"_links":{"self":[{"href":"https:\/\/rnoticias.com.mx\/Portal\/wp-json\/wp\/v2\/posts\/242958","targetHints":{"allow":["GET"]}}],"collection":[{"href":"https:\/\/rnoticias.com.mx\/Portal\/wp-json\/wp\/v2\/posts"}],"about":[{"href":"https:\/\/rnoticias.com.mx\/Portal\/wp-json\/wp\/v2\/types\/post"}],"author":[{"embeddable":true,"href":"https:\/\/rnoticias.com.mx\/Portal\/wp-json\/wp\/v2\/users\/2"}],"replies":[{"embeddable":true,"href":"https:\/\/rnoticias.com.mx\/Portal\/wp-json\/wp\/v2\/comments?post=242958"}],"version-history":[{"count":1,"href":"https:\/\/rnoticias.com.mx\/Portal\/wp-json\/wp\/v2\/posts\/242958\/revisions"}],"predecessor-version":[{"id":242960,"href":"https:\/\/rnoticias.com.mx\/Portal\/wp-json\/wp\/v2\/posts\/242958\/revisions\/242960"}],"wp:featuredmedia":[{"embeddable":true,"href":"https:\/\/rnoticias.com.mx\/Portal\/wp-json\/wp\/v2\/media\/242959"}],"wp:attachment":[{"href":"https:\/\/rnoticias.com.mx\/Portal\/wp-json\/wp\/v2\/media?parent=242958"}],"wp:term":[{"taxonomy":"category","embeddable":true,"href":"https:\/\/rnoticias.com.mx\/Portal\/wp-json\/wp\/v2\/categories?post=242958"},{"taxonomy":"post_tag","embeddable":true,"href":"https:\/\/rnoticias.com.mx\/Portal\/wp-json\/wp\/v2\/tags?post=242958"}],"curies":[{"name":"wp","href":"https:\/\/api.w.org\/{rel}","templated":true}]}}