{"id":242954,"date":"2026-01-28T22:31:06","date_gmt":"2026-01-29T05:31:06","guid":{"rendered":"https:\/\/rnoticias.com.mx\/Portal\/?p=242954"},"modified":"2026-01-28T22:31:06","modified_gmt":"2026-01-29T05:31:06","slug":"morena-pt-y-pvem-firman-declaratoria-para-mantener-coalicion-rumbo-a-2027","status":"publish","type":"post","link":"https:\/\/rnoticias.com.mx\/Portal\/2026\/01\/28\/morena-pt-y-pvem-firman-declaratoria-para-mantener-coalicion-rumbo-a-2027\/","title":{"rendered":"Morena, PT y PVEM firman declaratoria para mantener coalici\u00f3n rumbo a 2027"},"content":{"rendered":"<p><strong>Entre tensiones internas y diferencias p\u00fablicas por la reforma electoral que impulsa la presidenta Claudia Sheinbaum Pardo<\/strong>, las dirigencias nacionales de<strong>\u00a0Morena,<\/strong>\u00a0el\u00a0<strong>Partido del Trabajo\u00a0<\/strong>(PT) y el<strong>\u00a0Partido Verde Ecologista de M\u00e9xico<\/strong>\u00a0(PVEM) escenificaron un cierre de filas para reafirmar la continuidad de su alianza pol\u00edtica rumbo a las elecciones de 2027.<\/p>\n<p>En un acto titulado<strong>\u00a0&#8216;La transformaci\u00f3n m\u00e1s fuerte que nunca rumbo al 2027&#8217;,<\/strong>\u00a0Luisa Mar\u00eda Alcalde Luj\u00e1n, presidenta nacional de Morena; Alberto Anaya, dirigente del PT, y Karen Castrej\u00f3n, lideresa del PVEM, firmaron una declaraci\u00f3n conjunta en la que refrendaron la unidad del bloque oficialista y su respaldo pol\u00edtico a la jefa del Ejecutivo federal.<\/p>\n<p>Alcalde Luj\u00e1n sostuvo que la coalici\u00f3n Morena-PT-PVEM\u00a0<strong>&#8216;est\u00e1 m\u00e1s unida y fuerte que nunca&#8217;<\/strong>, y atribuy\u00f3 a la oposici\u00f3n un proceso de debilitamiento, en un contexto marcado por los desacuerdos p\u00fablicos entre aliados del oficialismo sobre el alcance y el contenido de la reforma electoral.<\/p>\n<p>Igual la presidenta nacional de Morena defendi\u00f3 que la permanencia de la alianza ha permitido mantener la mayor\u00eda calificada en el Congreso y aprobar reformas constitucionales impulsadas desde la Cuarta Transformaci\u00f3n,<strong>\u00a0como la elevaci\u00f3n de programas sociales a rango constitucional y los cambios en materia energ\u00e9tica, aunque evit\u00f3 referirse a las cr\u00edticas sobre la concentraci\u00f3n de poder legislativo y los cuestionamientos a la agenda electoral del Ejecutivo.<\/strong><\/p>\n<p>Ante la declaraci\u00f3n firmada ante medios, las dirigencias se comprometieron a<strong>\u00a0&#8216;mantener, fortalecer y profundizar&#8217; la coalici\u00f3n para garantizar la continuidad del proyecto de la Cuarta Transformaci\u00f3n, as\u00ed como a respaldar pol\u00edtica e institucionalmente a la presidenta Claudia Sheinbaum, &#8216;anteponiendo el inter\u00e9s de M\u00e9xico por encima de cualquier inter\u00e9s partidista&#8217;.<\/strong><\/p>\n<p>Fuente: El Sol de M\u00e9xico<\/p>\n","protected":false},"excerpt":{"rendered":"<p>Entre tensiones internas y diferencias p\u00fablicas por la reforma electoral que impulsa la presidenta Claudia Sheinbaum Pardo, las dirigencias nacionales de\u00a0Morena,\u00a0el\u00a0Partido del Trabajo\u00a0(PT) y el\u00a0Partido Verde Ecologista de M\u00e9xico\u00a0(PVEM) escenificaron un cierre de filas para reafirmar la continuidad de su alianza pol\u00edtica rumbo a las elecciones de 2027. En un acto titulado\u00a0&#8216;La transformaci\u00f3n m\u00e1s fuerte [&hellip;]<\/p>\n","protected":false},"author":2,"featured_media":242955,"comment_status":"closed","ping_status":"closed","sticky":false,"template":"","format":"standard","meta":{"footnotes":""},"categories":[12870,12868],"tags":[12865,12879],"class_list":["post-242954","post","type-post","status-publish","format-standard","has-post-thumbnail","hentry","category-destacadas","category-politica","tag-destacadas","tag-politica"],"jetpack_featured_media_url":"https:\/\/rnoticias.com.mx\/Portal\/wp-content\/uploads\/2026\/01\/622345651_920293050684529_5262549002726144470_n.jpg","amp_enabled":true,"_links":{"self":[{"href":"https:\/\/rnoticias.com.mx\/Portal\/wp-json\/wp\/v2\/posts\/242954","targetHints":{"allow":["GET"]}}],"collection":[{"href":"https:\/\/rnoticias.com.mx\/Portal\/wp-json\/wp\/v2\/posts"}],"about":[{"href":"https:\/\/rnoticias.com.mx\/Portal\/wp-json\/wp\/v2\/types\/post"}],"author":[{"embeddable":true,"href":"https:\/\/rnoticias.com.mx\/Portal\/wp-json\/wp\/v2\/users\/2"}],"replies":[{"embeddable":true,"href":"https:\/\/rnoticias.com.mx\/Portal\/wp-json\/wp\/v2\/comments?post=242954"}],"version-history":[{"count":2,"href":"https:\/\/rnoticias.com.mx\/Portal\/wp-json\/wp\/v2\/posts\/242954\/revisions"}],"predecessor-version":[{"id":242957,"href":"https:\/\/rnoticias.com.mx\/Portal\/wp-json\/wp\/v2\/posts\/242954\/revisions\/242957"}],"wp:featuredmedia":[{"embeddable":true,"href":"https:\/\/rnoticias.com.mx\/Portal\/wp-json\/wp\/v2\/media\/242955"}],"wp:attachment":[{"href":"https:\/\/rnoticias.com.mx\/Portal\/wp-json\/wp\/v2\/media?parent=242954"}],"wp:term":[{"taxonomy":"category","embeddable":true,"href":"https:\/\/rnoticias.com.mx\/Portal\/wp-json\/wp\/v2\/categories?post=242954"},{"taxonomy":"post_tag","embeddable":true,"href":"https:\/\/rnoticias.com.mx\/Portal\/wp-json\/wp\/v2\/tags?post=242954"}],"curies":[{"name":"wp","href":"https:\/\/api.w.org\/{rel}","templated":true}]}}