{"id":242932,"date":"2026-01-28T22:09:31","date_gmt":"2026-01-29T05:09:31","guid":{"rendered":"https:\/\/rnoticias.com.mx\/Portal\/?p=242932"},"modified":"2026-01-28T22:09:31","modified_gmt":"2026-01-29T05:09:31","slug":"jugara-francisco-haro-la-serie-del-caribe-con-mexico","status":"publish","type":"post","link":"https:\/\/rnoticias.com.mx\/Portal\/2026\/01\/28\/jugara-francisco-haro-la-serie-del-caribe-con-mexico\/","title":{"rendered":"Jugar\u00e1 Francisco Haro la Serie del Caribe con M\u00e9xico"},"content":{"rendered":"<p dir=\"ltr\">El d\u00eda de ayer se dieron a conocer los rosters de los selectivos mexicanos que acudir\u00e1n a Guadalajara, Jalisco a jugar la Serie del Caribe 2026, donde habr\u00e1 presentaci\u00f3n ind\u00edgena durante el cert\u00e1men, como es el caso del lanzador profesional de los Indios, Francisco Haro.<\/p>\n<p dir=\"ltr\">El serpentinero de 28 a\u00f1os de edad y oriundo de Los Mochis, Sinaloa, tuvo una impresionante campa\u00f1a con los Tomateros de Culiac\u00e1n, registrando una efectividad de 1.59, ponchando a 13 rivales, permitiendo 4 bases por bolas en un total de 22.2 entradas lanzadas.<\/p>\n<p dir=\"ltr\">Adem\u00e1s durante la serie final ante los Charros de Jalisco, pese a que fueron barridos por los jaliscienses limit\u00f3 los maderos del equipo liderado por Benjam\u00edn Gil, al tirar 5.2 episodios, una carrera limpia, tres bases por bolas y tres ponches.<\/p>\n<p dir=\"ltr\">Por lo que se gan\u00f3 la confianza del mandam\u00e1s de los culichis, Lorenzo Bundy, para representar al selectivo de M\u00e9xico Verde en la Serie del Caribe, donde buscar\u00e1n que el trofeo se quede en casa.<\/p>\n<p dir=\"ltr\">Importante mencionar que la semana pasada, Haro fue presentado como el nuevo \u201cprofeta\u201d de los Indios de Ciudad Ju\u00e1rez para la temporada 2026 de la Liga Estatal de B\u00e9isbol, reemplazando a Dami\u00e1n Mendoza qui\u00e9n firm\u00f3 a principios del mes con los Diablos Rojos del M\u00e9xico y continuar con su carrera profesional.<\/p>\n","protected":false},"excerpt":{"rendered":"<p>El d\u00eda de ayer se dieron a conocer los rosters de los selectivos mexicanos que acudir\u00e1n a Guadalajara, Jalisco a jugar la Serie del Caribe 2026, donde habr\u00e1 presentaci\u00f3n ind\u00edgena durante el cert\u00e1men, como es el caso del lanzador profesional de los Indios, Francisco Haro. El serpentinero de 28 a\u00f1os de edad y oriundo de [&hellip;]<\/p>\n","protected":false},"author":2,"featured_media":242933,"comment_status":"closed","ping_status":"closed","sticky":false,"template":"","format":"standard","meta":{"footnotes":""},"categories":[188,12870],"tags":[5231,12865],"class_list":["post-242932","post","type-post","status-publish","format-standard","has-post-thumbnail","hentry","category-deportes","category-destacadas","tag-deportes","tag-destacadas"],"jetpack_featured_media_url":"https:\/\/rnoticias.com.mx\/Portal\/wp-content\/uploads\/2026\/01\/FRANCISCO202.webp","amp_enabled":true,"_links":{"self":[{"href":"https:\/\/rnoticias.com.mx\/Portal\/wp-json\/wp\/v2\/posts\/242932","targetHints":{"allow":["GET"]}}],"collection":[{"href":"https:\/\/rnoticias.com.mx\/Portal\/wp-json\/wp\/v2\/posts"}],"about":[{"href":"https:\/\/rnoticias.com.mx\/Portal\/wp-json\/wp\/v2\/types\/post"}],"author":[{"embeddable":true,"href":"https:\/\/rnoticias.com.mx\/Portal\/wp-json\/wp\/v2\/users\/2"}],"replies":[{"embeddable":true,"href":"https:\/\/rnoticias.com.mx\/Portal\/wp-json\/wp\/v2\/comments?post=242932"}],"version-history":[{"count":1,"href":"https:\/\/rnoticias.com.mx\/Portal\/wp-json\/wp\/v2\/posts\/242932\/revisions"}],"predecessor-version":[{"id":242934,"href":"https:\/\/rnoticias.com.mx\/Portal\/wp-json\/wp\/v2\/posts\/242932\/revisions\/242934"}],"wp:featuredmedia":[{"embeddable":true,"href":"https:\/\/rnoticias.com.mx\/Portal\/wp-json\/wp\/v2\/media\/242933"}],"wp:attachment":[{"href":"https:\/\/rnoticias.com.mx\/Portal\/wp-json\/wp\/v2\/media?parent=242932"}],"wp:term":[{"taxonomy":"category","embeddable":true,"href":"https:\/\/rnoticias.com.mx\/Portal\/wp-json\/wp\/v2\/categories?post=242932"},{"taxonomy":"post_tag","embeddable":true,"href":"https:\/\/rnoticias.com.mx\/Portal\/wp-json\/wp\/v2\/tags?post=242932"}],"curies":[{"name":"wp","href":"https:\/\/api.w.org\/{rel}","templated":true}]}}