{"id":242929,"date":"2026-01-28T22:07:20","date_gmt":"2026-01-29T05:07:20","guid":{"rendered":"https:\/\/rnoticias.com.mx\/Portal\/?p=242929"},"modified":"2026-01-28T22:29:24","modified_gmt":"2026-01-29T05:29:24","slug":"belichick-coach-mas-ganador-de-nfl-no-entrara-a-al-salon-de-la-fama-en-su-primer-ano","status":"publish","type":"post","link":"https:\/\/rnoticias.com.mx\/Portal\/2026\/01\/28\/belichick-coach-mas-ganador-de-nfl-no-entrara-a-al-salon-de-la-fama-en-su-primer-ano\/","title":{"rendered":"Belichick, coach m\u00e1s ganador de NFL, no entrar\u00e1 a al Sal\u00f3n de la Fama en su primer a\u00f1o"},"content":{"rendered":"<p>Bill Belichick, m\u00e1ximo ganador de Super Bowls como entrenador de la NFL,\u00a0<strong>no ingresar\u00e1 de manera sorpresiva al Sal\u00f3n de la Fama del F\u00fatbol Americano Profesional en su primer a\u00f1o como elegible\u00a0<\/strong>al no alcanzar los votos necesarios.<\/p>\n<p>Belichick aparec\u00eda como el gran favorito para ser parte del recinto de los inmortales de este deporte gracias a los ocho Super Bowls que gan\u00f3 a lo largo de su carrera; dos como coordinador defensivo de los New York Giants y seis como entrenador en jefe de los New England Patriots, en nueve apariciones.<\/p>\n<p>El galardonado entrenador s<strong>e qued\u00f3 fuera porque no alcanz\u00f3 los 40 de los 50 votos necesarios para convertirse en un nuevo miembro\u00a0<\/strong>seg\u00fan reportes de ESPN y The Athletic.<\/p>\n<p>El comit\u00e9 de votaci\u00f3n del recinto est\u00e1 conformado por periodistas veteranos de la NFL y figuras del f\u00fatbol americano profesional entre los que destacan Bill Polian, ex gerente general de los Buffalo Bills, y el ex entrenador de Buccaneers y Colts, Tony Dungy.<\/p>\n<p>El Sal\u00f3n de la Fama del F\u00fatbol Americano Profesional no hizo comentarios de la decisi\u00f3n, s\u00f3lo reiter\u00f3 que los nuevos integrantes de\u00a0<strong>su clase 2026 ser\u00e1n dados a conocer el pr\u00f3ximo 5 de febrero durante la ceremonia &#8216;NFL Honors<\/strong>&#8216; que se realizar\u00e1 en San Francisco, California, tres d\u00edas antes del Super Bowl LX.<\/p>\n<p><strong>Los m\u00e9ritos de Belichick para ver su busto de bronce en el sal\u00f3n de Canton, Ohio, parec\u00edan irrebatibles, ya que adem\u00e1s de sus ocho Super Bowls<\/strong>, dej\u00f3 marcas que parecen inalcanzables.<\/p>\n<p>Sum\u00f3 nueve campeonatos de conferencia, 17 t\u00edtulos divisionales, 11 de ellos consecutivos; obtuvo 333 triunfos y 178 derrotas en campa\u00f1a regular y playoffs, marca s\u00f3lo superada por Don Shula, miembro del Sal\u00f3n de la Fama, que obtuvo 347.<\/p>\n<p>Belichick figuraba entre los finalistas junto a Robert Kraft, propietario de los Patriots, junto al que forj\u00f3 la dinast\u00eda m\u00e1s ganadora de la liga, pero con quien mostr\u00f3 un marcado antagonismo desde que dej\u00f3 a New England en el 2024.<\/p>\n<p>La noticia sorprendi\u00f3 a varias estrellas de la NFL. Patrick Mahomes, mariscal de campo tres veces campe\u00f3n con los Kansas City Chiefs, dijo que no se explicaba esta decisi\u00f3n.<\/p>\n<p><strong>&#8220;Es una locura; ni siquiera entiendo c\u00f3mo esto puede ser posible&#8221;, escribi\u00f3 el pasador en sus redes sociales.<\/strong><\/p>\n<p>Opini\u00f3n que comparti\u00f3 el ya retirado JJ Watt, considerado uno de los mejores alas defensivas de la liga.<\/p>\n<p>&#8220;No puedo estar leyendo bien. Tiene que ser una imitaci\u00f3n del Sal\u00f3n de la Fama, no puede ser el verdad. No existe un mundo en el que Bill Belichick no deba ser incluido en el Sal\u00f3n de la Fama de la NFL en su primera elecci\u00f3n&#8221;, afirm\u00f3 Watt.<\/p>\n<p><strong>&#8220;Si Bill Belichick no es un miembro del Sal\u00f3n de la Fama en su primera votaci\u00f3n, \u00bfqui\u00e9n lo es?&#8221;<\/strong>, se\u00f1al\u00f3 Darius Butler, ex defensivo profundo de Indianapolis Colts y actual analista de televisi\u00f3n.<\/p>\n","protected":false},"excerpt":{"rendered":"<p>Bill Belichick, m\u00e1ximo ganador de Super Bowls como entrenador de la NFL,\u00a0no ingresar\u00e1 de manera sorpresiva al Sal\u00f3n de la Fama del F\u00fatbol Americano Profesional en su primer a\u00f1o como elegible\u00a0al no alcanzar los votos necesarios. Belichick aparec\u00eda como el gran favorito para ser parte del recinto de los inmortales de este deporte gracias a [&hellip;]<\/p>\n","protected":false},"author":2,"featured_media":242930,"comment_status":"closed","ping_status":"closed","sticky":false,"template":"","format":"standard","meta":{"footnotes":""},"categories":[188,12870],"tags":[5231,12865],"class_list":["post-242929","post","type-post","status-publish","format-standard","has-post-thumbnail","hentry","category-deportes","category-destacadas","tag-deportes","tag-destacadas"],"jetpack_featured_media_url":"https:\/\/rnoticias.com.mx\/Portal\/wp-content\/uploads\/2026\/01\/belichick-patriotas-12012024.jpg","amp_enabled":true,"_links":{"self":[{"href":"https:\/\/rnoticias.com.mx\/Portal\/wp-json\/wp\/v2\/posts\/242929","targetHints":{"allow":["GET"]}}],"collection":[{"href":"https:\/\/rnoticias.com.mx\/Portal\/wp-json\/wp\/v2\/posts"}],"about":[{"href":"https:\/\/rnoticias.com.mx\/Portal\/wp-json\/wp\/v2\/types\/post"}],"author":[{"embeddable":true,"href":"https:\/\/rnoticias.com.mx\/Portal\/wp-json\/wp\/v2\/users\/2"}],"replies":[{"embeddable":true,"href":"https:\/\/rnoticias.com.mx\/Portal\/wp-json\/wp\/v2\/comments?post=242929"}],"version-history":[{"count":1,"href":"https:\/\/rnoticias.com.mx\/Portal\/wp-json\/wp\/v2\/posts\/242929\/revisions"}],"predecessor-version":[{"id":242931,"href":"https:\/\/rnoticias.com.mx\/Portal\/wp-json\/wp\/v2\/posts\/242929\/revisions\/242931"}],"wp:featuredmedia":[{"embeddable":true,"href":"https:\/\/rnoticias.com.mx\/Portal\/wp-json\/wp\/v2\/media\/242930"}],"wp:attachment":[{"href":"https:\/\/rnoticias.com.mx\/Portal\/wp-json\/wp\/v2\/media?parent=242929"}],"wp:term":[{"taxonomy":"category","embeddable":true,"href":"https:\/\/rnoticias.com.mx\/Portal\/wp-json\/wp\/v2\/categories?post=242929"},{"taxonomy":"post_tag","embeddable":true,"href":"https:\/\/rnoticias.com.mx\/Portal\/wp-json\/wp\/v2\/tags?post=242929"}],"curies":[{"name":"wp","href":"https:\/\/api.w.org\/{rel}","templated":true}]}}