{"id":242911,"date":"2026-01-28T21:38:02","date_gmt":"2026-01-29T04:38:02","guid":{"rendered":"https:\/\/rnoticias.com.mx\/Portal\/?p=242911"},"modified":"2026-01-28T21:38:02","modified_gmt":"2026-01-29T04:38:02","slug":"gobierno-de-sonora-realiza-en-cajeme-la-feria-de-atencion-a-las-causas-para-fortalecer-la-construccion-de-paz","status":"publish","type":"post","link":"https:\/\/rnoticias.com.mx\/Portal\/2026\/01\/28\/gobierno-de-sonora-realiza-en-cajeme-la-feria-de-atencion-a-las-causas-para-fortalecer-la-construccion-de-paz\/","title":{"rendered":"Gobierno de Sonora realiza en Cajeme la Feria de Atenci\u00f3n a las Causas para fortalecer la construcci\u00f3n de paz"},"content":{"rendered":"<table class=\"m_1272398168895346005layout\" border=\"0\" width=\"100%\" cellspacing=\"0\" cellpadding=\"0\">\n<tbody>\n<tr>\n<td class=\"m_1272398168895346005column m_1272398168895346005scale m_1272398168895346005stack\" align=\"center\" valign=\"top\">\n<table class=\"m_1272398168895346005text\" border=\"0\" width=\"100%\" cellspacing=\"0\" cellpadding=\"0\">\n<tbody>\n<tr>\n<td class=\"m_1272398168895346005text_content-cell m_1272398168895346005content-padding-horizontal\" align=\"left\" valign=\"top\">Ciudad Obreg\u00f3n, Sonora; 28 de enero de 2026.\u2013 En representaci\u00f3n del gobernador Alfonso Durazo, el secretario de Gobierno, Adolfo Salazar, particip\u00f3 en la Feria de Atenci\u00f3n a las Causas, una estrategia orientada a fortalecer la construcci\u00f3n de paz desde lo social, mediante atenci\u00f3n directa y cercana a la ciudadan\u00eda en el municipio de Cajeme.<\/p>\n<p>Durante la jornada, instituciones municipales, estatales y federales ofrecieron m\u00e1s de 100 tr\u00e1mites y servicios dirigidos a la poblaci\u00f3n, entre los que destacan programas del bienestar, expedici\u00f3n de actas del Registro Civil, atenci\u00f3n en temas de predial, entrega de lentes, consultas m\u00e9dicas y programas de vivienda.<\/p>\n<p>El evento cont\u00f3 con la participaci\u00f3n de autoridades de los tres niveles de gobierno, entre ellas el alcalde de Cajeme, Javier Lamarque; Areli Rivera Rojas, representante de la Secretar\u00eda de Gobernaci\u00f3n; Lizeth V\u00e1squez, titular del DIF Sonora; Melit\u00f3n S\u00e1nchez, titular de CECOP; y Rita Burgos, coordinadora de la Secretar\u00eda de Seguridad P\u00fablica.<\/p>\n<p>El secretario de Gobierno destac\u00f3 que esta feria refleja el compromiso de los tres niveles de gobierno de trabajar de manera coordinada para atender las causas sociales, fortalecer el tejido comunitario y llevar bienestar a quienes m\u00e1s lo necesitan, como parte de la pol\u00edtica social impulsada por el gobernador Alfonso Durazo.<\/p>\n<p>Asimismo, se subray\u00f3 que todos los servicios brindados fueron completamente gratuitos, garantizando el acceso equitativo a programas y apoyos que contribuyen al desarrollo integral y a la mejora de la calidad de vida de las y los sonorenses.<\/td>\n<\/tr>\n<\/tbody>\n<\/table>\n<\/td>\n<\/tr>\n<\/tbody>\n<\/table>\n<table class=\"m_1272398168895346005layout\" border=\"0\" width=\"100%\" cellspacing=\"0\" cellpadding=\"0\">\n<tbody>\n<tr>\n<td class=\"m_1272398168895346005column m_1272398168895346005scale m_1272398168895346005stack\" align=\"center\" valign=\"top\">\n<table class=\"m_1272398168895346005image\" border=\"0\" width=\"100%\" cellspacing=\"0\" cellpadding=\"0\">\n<tbody>\n<tr>\n<td class=\"m_1272398168895346005image_container m_1272398168895346005content-padding-horizontal\" align=\"center\" valign=\"top\">\n<table class=\"m_1272398168895346005image_container-caption m_1272398168895346005text\" border=\"0\" width=\"100%\" cellspacing=\"0\" cellpadding=\"0\">\n<tbody>\n<tr>\n<td class=\"m_1272398168895346005text_content-cell\" align=\"center\"><\/td>\n<\/tr>\n<\/tbody>\n<\/table>\n<\/td>\n<\/tr>\n<\/tbody>\n<\/table>\n<\/td>\n<\/tr>\n<\/tbody>\n<\/table>\n","protected":false},"excerpt":{"rendered":"<p>Ciudad Obreg\u00f3n, Sonora; 28 de enero de 2026.\u2013 En representaci\u00f3n del gobernador Alfonso Durazo, el secretario de Gobierno, Adolfo Salazar, particip\u00f3 en la Feria de Atenci\u00f3n a las Causas, una estrategia orientada a fortalecer la construcci\u00f3n de paz desde lo social, mediante atenci\u00f3n directa y cercana a la ciudadan\u00eda en el municipio de Cajeme. Durante [&hellip;]<\/p>\n","protected":false},"author":2,"featured_media":242912,"comment_status":"closed","ping_status":"closed","sticky":false,"template":"","format":"standard","meta":{"footnotes":""},"categories":[12870,174],"tags":[12865,12873],"class_list":["post-242911","post","type-post","status-publish","format-standard","has-post-thumbnail","hentry","category-destacadas","category-estatal","tag-destacadas","tag-estatal"],"jetpack_featured_media_url":"https:\/\/rnoticias.com.mx\/Portal\/wp-content\/uploads\/2026\/01\/42-2.jpg","amp_enabled":true,"_links":{"self":[{"href":"https:\/\/rnoticias.com.mx\/Portal\/wp-json\/wp\/v2\/posts\/242911","targetHints":{"allow":["GET"]}}],"collection":[{"href":"https:\/\/rnoticias.com.mx\/Portal\/wp-json\/wp\/v2\/posts"}],"about":[{"href":"https:\/\/rnoticias.com.mx\/Portal\/wp-json\/wp\/v2\/types\/post"}],"author":[{"embeddable":true,"href":"https:\/\/rnoticias.com.mx\/Portal\/wp-json\/wp\/v2\/users\/2"}],"replies":[{"embeddable":true,"href":"https:\/\/rnoticias.com.mx\/Portal\/wp-json\/wp\/v2\/comments?post=242911"}],"version-history":[{"count":1,"href":"https:\/\/rnoticias.com.mx\/Portal\/wp-json\/wp\/v2\/posts\/242911\/revisions"}],"predecessor-version":[{"id":242913,"href":"https:\/\/rnoticias.com.mx\/Portal\/wp-json\/wp\/v2\/posts\/242911\/revisions\/242913"}],"wp:featuredmedia":[{"embeddable":true,"href":"https:\/\/rnoticias.com.mx\/Portal\/wp-json\/wp\/v2\/media\/242912"}],"wp:attachment":[{"href":"https:\/\/rnoticias.com.mx\/Portal\/wp-json\/wp\/v2\/media?parent=242911"}],"wp:term":[{"taxonomy":"category","embeddable":true,"href":"https:\/\/rnoticias.com.mx\/Portal\/wp-json\/wp\/v2\/categories?post=242911"},{"taxonomy":"post_tag","embeddable":true,"href":"https:\/\/rnoticias.com.mx\/Portal\/wp-json\/wp\/v2\/tags?post=242911"}],"curies":[{"name":"wp","href":"https:\/\/api.w.org\/{rel}","templated":true}]}}