{"id":242894,"date":"2026-01-28T17:25:09","date_gmt":"2026-01-29T00:25:09","guid":{"rendered":"https:\/\/rnoticias.com.mx\/Portal\/?p=242894"},"modified":"2026-01-28T17:25:09","modified_gmt":"2026-01-29T00:25:09","slug":"rehabilitacion-de-personas-con-discapacidad-ya-es-un-derecho-constitucional-lorenia-valles","status":"publish","type":"post","link":"https:\/\/rnoticias.com.mx\/Portal\/2026\/01\/28\/rehabilitacion-de-personas-con-discapacidad-ya-es-un-derecho-constitucional-lorenia-valles\/","title":{"rendered":"Rehabilitaci\u00f3n de personas con discapacidad ya es un derecho constitucional: Lorenia Valles"},"content":{"rendered":"<p>Hermosillo, Sonora, a 28 de enero de 2026<\/p>\n<p>\u201cLa rehabilitaci\u00f3n y la habilitaci\u00f3n de las personas con discapacidad ya es un derecho constitucional\u201d, declar\u00f3 la senadora Lorenia Valles tras asistir al evento de celebraci\u00f3n del 15 aniversario del Centro de Rehabilitaci\u00f3n e Inclusi\u00f3n Infantil (CRIT) Sonora.<\/p>\n<p>\u201cEn el Senado de la Rep\u00fablica reformamos la Constituci\u00f3n para garantizar que las personas con discapacidad gocen plenamente de sus derechos; ente ellos, la pensi\u00f3n no contributiva que ahora pueden recibir desde los cero hasta los 64 a\u00f1os de edad, as\u00ed como el reconocimiento del derecho a la rehabilitaci\u00f3n\u201d, agreg\u00f3 la legisladora sonorense.<\/p>\n<p>Valles Sampedro tambi\u00e9n reconoci\u00f3 el compromiso de los gobiernos de la Cuarta Transformaci\u00f3n para promover la corresponsabilidad con las organizaciones de la sociedad civil y las instituciones de asistencia privada para el apoyo integral a los grupos prioritarios.<\/p>\n<p>\u201cTanto el Gobierno de M\u00e9xico como el Gobierno de Sonora destinan recursos p\u00fablicos a la labor de instancias como Telet\u00f3n y, particularmente, CRIT Sonora, fortaleciendo la capacidad operativa para la atenci\u00f3n profesional de las personas con discapacidad. Hay sensibilidad hacia las necesidades de esta poblaci\u00f3n, la cual nos compromete a seguir trabajando para que vivan una vida plena, m\u00e1s saludable y con autonom\u00eda\u201d, manifest\u00f3.<\/p>\n<p>\u201cGracias a la voluntad del gobernador Alfonso Durazo, en Sonora la pensi\u00f3n de discapacidad es universal, pues el Gobierno estatal invierte la mitad de los recursos necesarios para que el programa beneficie a toda la poblaci\u00f3n\u201d, concluy\u00f3 la senadora Lorenia Valles.<\/p>\n","protected":false},"excerpt":{"rendered":"<p>Hermosillo, Sonora, a 28 de enero de 2026 \u201cLa rehabilitaci\u00f3n y la habilitaci\u00f3n de las personas con discapacidad ya es un derecho constitucional\u201d, declar\u00f3 la senadora Lorenia Valles tras asistir al evento de celebraci\u00f3n del 15 aniversario del Centro de Rehabilitaci\u00f3n e Inclusi\u00f3n Infantil (CRIT) Sonora. \u201cEn el Senado de la Rep\u00fablica reformamos la Constituci\u00f3n [&hellip;]<\/p>\n","protected":false},"author":2,"featured_media":242895,"comment_status":"closed","ping_status":"closed","sticky":false,"template":"","format":"standard","meta":{"footnotes":""},"categories":[12870,12868],"tags":[12865,12879],"class_list":["post-242894","post","type-post","status-publish","format-standard","has-post-thumbnail","hentry","category-destacadas","category-politica","tag-destacadas","tag-politica"],"jetpack_featured_media_url":"https:\/\/rnoticias.com.mx\/Portal\/wp-content\/uploads\/2026\/01\/434-2.jpg","amp_enabled":true,"_links":{"self":[{"href":"https:\/\/rnoticias.com.mx\/Portal\/wp-json\/wp\/v2\/posts\/242894","targetHints":{"allow":["GET"]}}],"collection":[{"href":"https:\/\/rnoticias.com.mx\/Portal\/wp-json\/wp\/v2\/posts"}],"about":[{"href":"https:\/\/rnoticias.com.mx\/Portal\/wp-json\/wp\/v2\/types\/post"}],"author":[{"embeddable":true,"href":"https:\/\/rnoticias.com.mx\/Portal\/wp-json\/wp\/v2\/users\/2"}],"replies":[{"embeddable":true,"href":"https:\/\/rnoticias.com.mx\/Portal\/wp-json\/wp\/v2\/comments?post=242894"}],"version-history":[{"count":1,"href":"https:\/\/rnoticias.com.mx\/Portal\/wp-json\/wp\/v2\/posts\/242894\/revisions"}],"predecessor-version":[{"id":242896,"href":"https:\/\/rnoticias.com.mx\/Portal\/wp-json\/wp\/v2\/posts\/242894\/revisions\/242896"}],"wp:featuredmedia":[{"embeddable":true,"href":"https:\/\/rnoticias.com.mx\/Portal\/wp-json\/wp\/v2\/media\/242895"}],"wp:attachment":[{"href":"https:\/\/rnoticias.com.mx\/Portal\/wp-json\/wp\/v2\/media?parent=242894"}],"wp:term":[{"taxonomy":"category","embeddable":true,"href":"https:\/\/rnoticias.com.mx\/Portal\/wp-json\/wp\/v2\/categories?post=242894"},{"taxonomy":"post_tag","embeddable":true,"href":"https:\/\/rnoticias.com.mx\/Portal\/wp-json\/wp\/v2\/tags?post=242894"}],"curies":[{"name":"wp","href":"https:\/\/api.w.org\/{rel}","templated":true}]}}