{"id":242891,"date":"2026-01-28T17:21:28","date_gmt":"2026-01-29T00:21:28","guid":{"rendered":"https:\/\/rnoticias.com.mx\/Portal\/?p=242891"},"modified":"2026-01-28T17:21:28","modified_gmt":"2026-01-29T00:21:28","slug":"bomberos-de-hermosillo-abren-convocatoria-para-la-brigada-infantil-2026","status":"publish","type":"post","link":"https:\/\/rnoticias.com.mx\/Portal\/2026\/01\/28\/bomberos-de-hermosillo-abren-convocatoria-para-la-brigada-infantil-2026\/","title":{"rendered":"Bomberos de Hermosillo abren convocatoria para la Brigada Infantil 2026"},"content":{"rendered":"<p>El Departamento de Bomberos de Hermosillo lanz\u00f3 la convocatoria para integrar la Brigada Infantil 2026, un programa dirigido a ni\u00f1as y ni\u00f1os de entre 12 y 15 a\u00f1os, enfocado en la prevenci\u00f3n de incendios, la protecci\u00f3n civil y la formaci\u00f3n de valores comunitarios.<\/p>\n<p><br data-start=\"463\" data-end=\"466\" \/>Este a\u00f1o, la Brigada Infantil se integra de manera formal al Grupo de Prevenci\u00f3n de Incendios del cuerpo de bomberos y estar\u00e1 coordinada por Miriam \u00c1lvarez Alegr\u00eda, quien encabezar\u00e1 las actividades formativas y de capacitaci\u00f3n.<\/p>\n<p>&nbsp;<\/p>\n<p>Las actividades se realizar\u00e1n todos los s\u00e1bados, de 8:00 a 13:00 horas, de febrero a junio, e incluir\u00e1n temas como historia y funciones de los bomberos, comunicaci\u00f3n asertiva, reconocimiento de emociones, prevenci\u00f3n de adicciones, teor\u00eda del fuego, uso de extintores, primeros auxilios, RCP, identificaci\u00f3n de riesgos, salidas de emergencia y prevenci\u00f3n en el hogar.<\/p>\n<p>&nbsp;<\/p>\n<p>El comandante de Bomberos de Hermosillo, Juan Francisco Matty Ortega, destac\u00f3 que este programa busca fortalecer la cultura de la prevenci\u00f3n desde edades tempranas e impulsar el inter\u00e9s por el servicio a la comunidad.<\/p>\n<p>&nbsp;<\/p>\n<p>Las inscripciones se realizar\u00e1n el s\u00e1bado 31 de enero a las 8:00 de la ma\u00f1ana y como \u00fanico requisito se solicita un kit escolar b\u00e1sico.<\/p>\n","protected":false},"excerpt":{"rendered":"<p>El Departamento de Bomberos de Hermosillo lanz\u00f3 la convocatoria para integrar la Brigada Infantil 2026, un programa dirigido a ni\u00f1as y ni\u00f1os de entre 12 y 15 a\u00f1os, enfocado en la prevenci\u00f3n de incendios, la protecci\u00f3n civil y la formaci\u00f3n de valores comunitarios. Este a\u00f1o, la Brigada Infantil se integra de manera formal al Grupo [&hellip;]<\/p>\n","protected":false},"author":2,"featured_media":242892,"comment_status":"closed","ping_status":"closed","sticky":false,"template":"","format":"standard","meta":{"footnotes":""},"categories":[12870,178],"tags":[12865,12869],"class_list":["post-242891","post","type-post","status-publish","format-standard","has-post-thumbnail","hentry","category-destacadas","category-local","tag-destacadas","tag-local"],"jetpack_featured_media_url":"https:\/\/rnoticias.com.mx\/Portal\/wp-content\/uploads\/2026\/01\/2233.jpg","amp_enabled":true,"_links":{"self":[{"href":"https:\/\/rnoticias.com.mx\/Portal\/wp-json\/wp\/v2\/posts\/242891","targetHints":{"allow":["GET"]}}],"collection":[{"href":"https:\/\/rnoticias.com.mx\/Portal\/wp-json\/wp\/v2\/posts"}],"about":[{"href":"https:\/\/rnoticias.com.mx\/Portal\/wp-json\/wp\/v2\/types\/post"}],"author":[{"embeddable":true,"href":"https:\/\/rnoticias.com.mx\/Portal\/wp-json\/wp\/v2\/users\/2"}],"replies":[{"embeddable":true,"href":"https:\/\/rnoticias.com.mx\/Portal\/wp-json\/wp\/v2\/comments?post=242891"}],"version-history":[{"count":1,"href":"https:\/\/rnoticias.com.mx\/Portal\/wp-json\/wp\/v2\/posts\/242891\/revisions"}],"predecessor-version":[{"id":242893,"href":"https:\/\/rnoticias.com.mx\/Portal\/wp-json\/wp\/v2\/posts\/242891\/revisions\/242893"}],"wp:featuredmedia":[{"embeddable":true,"href":"https:\/\/rnoticias.com.mx\/Portal\/wp-json\/wp\/v2\/media\/242892"}],"wp:attachment":[{"href":"https:\/\/rnoticias.com.mx\/Portal\/wp-json\/wp\/v2\/media?parent=242891"}],"wp:term":[{"taxonomy":"category","embeddable":true,"href":"https:\/\/rnoticias.com.mx\/Portal\/wp-json\/wp\/v2\/categories?post=242891"},{"taxonomy":"post_tag","embeddable":true,"href":"https:\/\/rnoticias.com.mx\/Portal\/wp-json\/wp\/v2\/tags?post=242891"}],"curies":[{"name":"wp","href":"https:\/\/api.w.org\/{rel}","templated":true}]}}